{"id":957,"date":"2019-11-06T13:51:55","date_gmt":"2019-11-06T13:51:55","guid":{"rendered":"http:\/\/www.arno-wilhelm.de\/?p=957"},"modified":"2019-11-06T13:53:21","modified_gmt":"2019-11-06T13:53:21","slug":"gedichte-208-diagnose-mimose","status":"publish","type":"post","link":"https:\/\/www.arno-wilhelm.de\/?p=957","title":{"rendered":"Gedichte (208) &#8211; Diagnose: Mimose"},"content":{"rendered":"\n<p class=\"has-background has-very-light-gray-background-color\">Einen wundersch\u00f6nen guten Tag,<br><br>das folgende Gedicht ist als Themengedicht f\u00fcr den Dichtungsring im Oktober 2019 entstanden. <br><br>Alles Gute!<br>Arno<\/p>\n\n\n\n<p><strong>Arno Wilhelm &#8211; Diagnose: Mimose<\/strong><br><br>Nun stellen sie sich nicht so an<br> Da k\u00f6nnt ja jeder kommen <br> Fassen sie nur mal die Narbe hier an<br> Ich hab mich damals nicht so benommen <br><br>Sagt w\u00fctend der Mann im Kittel<br>Ein Indianer, der kennt keinen Schmerz<br>Spricht weiter und f\u00fcllt in die Infusion noch ein Mittel<br>Machen Sie hier nicht so nen nervigen Terz<br><br>Ma \u00f6fter auch raus gehen<br> Lachen sie mehr<br> Ich kann&#8217;s ihnen ansehen<br> Das f\u00e4llt Ihnen schwer<br><br>Sich selber nicht so wichtig nehmen<br> Das gilt hier f\u00fcr viele, f\u00fcr Herr und auch Dame<br> K\u00f6rpereigene Heilung bequemen<br> Nicht immer gleich gro\u00df in die Notaufnahme<br><br>Da wird es mir dann doch zu bunt <br>Sterne tanzen vor meiner Sicht<br>Gefallen lasse ich mir sowas nicht<br> Und tue laut meinen \u00c4rger gleich kund:<br><br>Auch als Laie erkenn ich offene Br\u00fcche<br>Meine Haut ist verbrannt, da stecken noch Splitter<br>Mir entstr\u00f6men \u00fcbelst fiese Ger\u00fcche<br>Ich schwitze und blute und zitter<br><br>Die Fingerkuppe dazu abrasiert<br> Da frage ich mich dann doch mit Bedacht<br> Wo zum Teufel haben Sie denn studiert?<br> Er sieht mich an, grinst nur und lacht<br><br>Medizin sicher nicht, ich bin hier nur Patient<br> Wir haben uns auch nur durch Zufall getroffen<br> Der Kittel lag rum, was man Schicksal so nennt<br> Und jetzt nicht so laut, ich bin eh schon besoffen<br><br>Studiert hab ich die Kunde der Philosophie<br> Das Leben schickt einem oft die seltsamsten Gr\u00fc\u00dfe<br> Was Mittags passiert, das wei\u00df morgens ich nie <br> Und mit den Worten zum Abschluss kotzt er mir auf die F\u00fc\u00dfe<\/p>\n","protected":false},"excerpt":{"rendered":"<p>Einen wundersch\u00f6nen guten Tag, das folgende Gedicht ist als Themengedicht f\u00fcr den Dichtungsring im Oktober 2019 entstanden. Alles Gute!Arno Arno Wilhelm &#8211; Diagnose: Mimose Nun stellen sie sich nicht so an Da k\u00f6nnt ja jeder kommen Fassen sie nur mal die Narbe hier an Ich hab mich damals nicht so benommen Sagt w\u00fctend der Mann &hellip; <\/p>\n<p class=\"link-more\"><a href=\"https:\/\/www.arno-wilhelm.de\/?p=957\" class=\"more-link\"><span class=\"screen-reader-text\">\u201eGedichte (208) &#8211; Diagnose: Mimose\u201c<\/span> weiterlesen<\/a><\/p>\n","protected":false},"author":1,"featured_media":0,"comment_status":"open","ping_status":"open","sticky":false,"template":"","format":"standard","meta":{"footnotes":""},"categories":[106,1],"tags":[302,505,506,410],"class_list":["post-957","post","type-post","status-publish","format-standard","hentry","category-gedichte","category-uncategorized","tag-arno-wilhelm","tag-diagnose","tag-mimose","tag-themengedicht"],"_links":{"self":[{"href":"https:\/\/www.arno-wilhelm.de\/index.php?rest_route=\/wp\/v2\/posts\/957","targetHints":{"allow":["GET"]}}],"collection":[{"href":"https:\/\/www.arno-wilhelm.de\/index.php?rest_route=\/wp\/v2\/posts"}],"about":[{"href":"https:\/\/www.arno-wilhelm.de\/index.php?rest_route=\/wp\/v2\/types\/post"}],"author":[{"embeddable":true,"href":"https:\/\/www.arno-wilhelm.de\/index.php?rest_route=\/wp\/v2\/users\/1"}],"replies":[{"embeddable":true,"href":"https:\/\/www.arno-wilhelm.de\/index.php?rest_route=%2Fwp%2Fv2%2Fcomments&post=957"}],"version-history":[{"count":4,"href":"https:\/\/www.arno-wilhelm.de\/index.php?rest_route=\/wp\/v2\/posts\/957\/revisions"}],"predecessor-version":[{"id":961,"href":"https:\/\/www.arno-wilhelm.de\/index.php?rest_route=\/wp\/v2\/posts\/957\/revisions\/961"}],"wp:attachment":[{"href":"https:\/\/www.arno-wilhelm.de\/index.php?rest_route=%2Fwp%2Fv2%2Fmedia&parent=957"}],"wp:term":[{"taxonomy":"category","embeddable":true,"href":"https:\/\/www.arno-wilhelm.de\/index.php?rest_route=%2Fwp%2Fv2%2Fcategories&post=957"},{"taxonomy":"post_tag","embeddable":true,"href":"https:\/\/www.arno-wilhelm.de\/index.php?rest_route=%2Fwp%2Fv2%2Ftags&post=957"}],"curies":[{"name":"wp","href":"https:\/\/api.w.org\/{rel}","templated":true}]}}