{"id":91,"date":"2013-12-11T18:57:00","date_gmt":"2013-12-11T17:57:00","guid":{"rendered":"http:\/\/arnowilhelm.wordpress.com\/2013\/12\/11\/gedichte-140"},"modified":"2013-12-11T18:57:00","modified_gmt":"2013-12-11T17:57:00","slug":"gedichte-140","status":"publish","type":"post","link":"https:\/\/www.arno-wilhelm.de\/?p=91","title":{"rendered":"Gedichte (140)"},"content":{"rendered":"<p><!--  \/* Font Definitions *\/ @font-face  {font-family:\"\uff2d\uff33 \u660e\u671d\";  mso-font-charset:78;  mso-generic-font-family:auto;  mso-font-pitch:variable;  mso-font-signature:1 134676480 16 0 131072 0;} @font-face  {font-family:\"Cambria Math\";  panose-1:2 4 5 3 5 4 6 3 2 4;  mso-font-charset:0;  mso-generic-font-family:auto;  mso-font-pitch:variable;  mso-font-signature:-536870145 1107305727 0 0 415 0;} @font-face  {font-family:Cambria;  panose-1:2 4 5 3 5 4 6 3 2 4;  mso-font-charset:0;  mso-generic-font-family:auto;  mso-font-pitch:variable;  mso-font-signature:-536870145 1073743103 0 0 415 0;}  \/* Style Definitions *\/ p.MsoNormal, li.MsoNormal, div.MsoNormal  {mso-style-unhide:no;  mso-style-qformat:yes;  mso-style-parent:\"\";  margin:0cm;  margin-bottom:.0001pt;  mso-pagination:widow-orphan;  font-size:12.0pt;  font-family:Cambria;  mso-ascii-font-family:Cambria;  mso-ascii-theme-font:minor-latin;  mso-fareast-font-family:\"\uff2d\uff33 \u660e\u671d\";  mso-fareast-theme-font:minor-fareast;  mso-hansi-font-family:Cambria;  mso-hansi-theme-font:minor-latin;  mso-bidi-font-family:\"Times New Roman\";  mso-bidi-theme-font:minor-bidi;  mso-ansi-language:EN-US;} .MsoChpDefault  {mso-style-type:export-only;  mso-default-props:yes;  font-family:Cambria;  mso-ascii-font-family:Cambria;  mso-ascii-theme-font:minor-latin;  mso-fareast-font-family:\"\uff2d\uff33 \u660e\u671d\";  mso-fareast-theme-font:minor-fareast;  mso-hansi-font-family:Cambria;  mso-hansi-theme-font:minor-latin;  mso-bidi-font-family:\"Times New Roman\";  mso-bidi-theme-font:minor-bidi;  mso-ansi-language:EN-US;} @page WordSection1  {size:612.0pt 792.0pt;  margin:70.85pt 70.85pt 2.0cm 70.85pt;  mso-header-margin:36.0pt;  mso-footer-margin:36.0pt;  mso-paper-source:0;} div.WordSection1  {page:WordSection1;} -->      <\/p>\n<div class=\"MsoNormal\"><span>Die drei Jahreszeiten<\/span><\/div>\n<div class=\"MsoNormal\"><\/div>\n<div class=\"MsoNormal\"><\/div>\n<div class=\"MsoNormal\"><span>Noch nicht lange ist es her<\/span><\/div>\n<div class=\"MsoNormal\"><span>Da st\u00f6hnten viele Leute<\/span><\/div>\n<div class=\"MsoNormal\"><span>\u00dcber die Hitze mehr und mehr<\/span><\/div>\n<div class=\"MsoNormal\"><span>Auch wenn sich mancher freute<\/span><\/div>\n<div class=\"MsoNormal\"><\/div>\n<div class=\"MsoNormal\"><span>Dann kam der doofe Herbst schon wieder<\/span><\/div>\n<div class=\"MsoNormal\"><span>Massig Regen ging darnieder <\/span><\/div>\n<div class=\"MsoNormal\"><span>Auch da wurde sich vermehrt<\/span><\/div>\n<div class=\"MsoNormal\"><span>\u00dcbers Wetter gern beschwert<\/span><\/div>\n<div class=\"MsoNormal\"><\/div>\n<div class=\"MsoNormal\"><span>Und nun, da schlottern sie vor K\u00e4lte<\/span><\/div>\n<div class=\"MsoNormal\"><span>Und \u00e4rgern sich \u00fcber das Wetter<\/span><\/div>\n<div class=\"MsoNormal\"><span>Das zuverl\u00e4ssig sich einstellte<\/span><\/div>\n<div class=\"MsoNormal\"><span>So wie stets zur Winterzeit<\/span><\/div>\n<div class=\"MsoNormal\"><\/div>\n<div class=\"MsoNormal\"><span>Ich h\u00f6re zu und voll Verdruss<\/span><\/div>\n<div class=\"MsoNormal\"><span>Finde ich nur zu dem Schluss:<\/span><\/div>\n<div class=\"MsoNormal\"><\/div>\n<div class=\"MsoNormal\"><span>Der Deutsche, der kennt Wettersorten <\/span><\/div>\n<div class=\"MsoNormal\"><span>hier und allerorten<\/span><\/div>\n<div class=\"MsoNormal\"><span>nur von dreierlei Gestalt:<\/span><\/div>\n<div class=\"MsoNormal\"><\/div>\n<div class=\"MsoNormal\"><span>Es ist zu warm, es ist zu kalt<\/span><\/div>\n<div class=\"MsoNormal\"><span>Oder zu <\/span><span lang=\"EN-US\">nass f\u00fcr ihn alsbald <\/span><\/div>\n","protected":false},"excerpt":{"rendered":"<p>Die drei Jahreszeiten Noch nicht lange ist es her Da st\u00f6hnten viele Leute \u00dcber die Hitze mehr und mehr Auch wenn sich mancher freute Dann kam der doofe Herbst schon wieder Massig Regen ging darnieder Auch da wurde sich vermehrt \u00dcbers Wetter gern beschwert Und nun, da schlottern sie vor K\u00e4lte Und \u00e4rgern sich \u00fcber &hellip; <\/p>\n<p class=\"link-more\"><a href=\"https:\/\/www.arno-wilhelm.de\/?p=91\" class=\"more-link\"><span class=\"screen-reader-text\">\u201eGedichte (140)\u201c<\/span> weiterlesen<\/a><\/p>\n","protected":false},"author":1,"featured_media":0,"comment_status":"open","ping_status":"open","sticky":false,"template":"","format":"standard","meta":{"footnotes":""},"categories":[19,69,104,164,282],"tags":[],"class_list":["post-91","post","type-post","status-publish","format-standard","hentry","category-arno-wilhelm","category-die-drei-jahreszeiten","category-gedicht","category-lyrik","category-wetter"],"_links":{"self":[{"href":"https:\/\/www.arno-wilhelm.de\/index.php?rest_route=\/wp\/v2\/posts\/91","targetHints":{"allow":["GET"]}}],"collection":[{"href":"https:\/\/www.arno-wilhelm.de\/index.php?rest_route=\/wp\/v2\/posts"}],"about":[{"href":"https:\/\/www.arno-wilhelm.de\/index.php?rest_route=\/wp\/v2\/types\/post"}],"author":[{"embeddable":true,"href":"https:\/\/www.arno-wilhelm.de\/index.php?rest_route=\/wp\/v2\/users\/1"}],"replies":[{"embeddable":true,"href":"https:\/\/www.arno-wilhelm.de\/index.php?rest_route=%2Fwp%2Fv2%2Fcomments&post=91"}],"version-history":[{"count":0,"href":"https:\/\/www.arno-wilhelm.de\/index.php?rest_route=\/wp\/v2\/posts\/91\/revisions"}],"wp:attachment":[{"href":"https:\/\/www.arno-wilhelm.de\/index.php?rest_route=%2Fwp%2Fv2%2Fmedia&parent=91"}],"wp:term":[{"taxonomy":"category","embeddable":true,"href":"https:\/\/www.arno-wilhelm.de\/index.php?rest_route=%2Fwp%2Fv2%2Fcategories&post=91"},{"taxonomy":"post_tag","embeddable":true,"href":"https:\/\/www.arno-wilhelm.de\/index.php?rest_route=%2Fwp%2Fv2%2Ftags&post=91"}],"curies":[{"name":"wp","href":"https:\/\/api.w.org\/{rel}","templated":true}]}}