{"id":89,"date":"2013-12-25T08:58:00","date_gmt":"2013-12-25T07:58:00","guid":{"rendered":"http:\/\/arnowilhelm.wordpress.com\/2013\/12\/25\/gedichte-141"},"modified":"2013-12-25T08:58:00","modified_gmt":"2013-12-25T07:58:00","slug":"gedichte-141","status":"publish","type":"post","link":"https:\/\/www.arno-wilhelm.de\/?p=89","title":{"rendered":"Gedichte (141)"},"content":{"rendered":"<p dir=\"ltr\">Sicher<\/p>\n<p dir=\"ltr\">Der Baum ist ganz pr\u00e4chtig geschm\u00fcckt<br \/>Hoch auf ein Podest gestellt<br \/>Die Kinderaugen sind entz\u00fcckt<br \/>Weil er gar so gut gef\u00e4llt<\/p>\n<p dir=\"ltr\">Als w\u00e4r nicht artig er gewesen<br \/>Wurd&#8216; der Baum fest eingez\u00e4unt<br \/>Um ihn vor dem kleinen Wesen<br \/>Zu sichern das ihn jetzt vertr\u00e4umt<\/p>\n<p dir=\"ltr\">Beguckt und auch betasten w\u00fcrd<br \/>Ebenso die sch\u00f6nen Kerzen<br \/>Das Kind, es ist zum Gl\u00fcck ganz still<br \/>Und schreit nicht etwa laut vor Schmerzen<\/p>\n<p dir=\"ltr\">Denn auch die Kerzen sind hoch droben<br \/>Gibts ob des Aufwands auch Gekicher<br \/>So kann das Kind hier doch ruhig toben<\/p>\n<p dir=\"ltr\">Es weihnachtet gar <u>kindersicher<\/u><\/p>\n","protected":false},"excerpt":{"rendered":"<p>Sicher Der Baum ist ganz pr\u00e4chtig geschm\u00fccktHoch auf ein Podest gestelltDie Kinderaugen sind entz\u00fccktWeil er gar so gut gef\u00e4llt Als w\u00e4r nicht artig er gewesenWurd&#8216; der Baum fest eingez\u00e4untUm ihn vor dem kleinen WesenZu sichern das ihn jetzt vertr\u00e4umt Beguckt und auch betasten w\u00fcrdEbenso die sch\u00f6nen KerzenDas Kind, es ist zum Gl\u00fcck ganz stillUnd schreit &hellip; <\/p>\n<p class=\"link-more\"><a href=\"https:\/\/www.arno-wilhelm.de\/?p=89\" class=\"more-link\"><span class=\"screen-reader-text\">\u201eGedichte (141)\u201c<\/span> weiterlesen<\/a><\/p>\n","protected":false},"author":1,"featured_media":0,"comment_status":"open","ping_status":"open","sticky":false,"template":"","format":"standard","meta":{"footnotes":""},"categories":[106,278],"tags":[],"class_list":["post-89","post","type-post","status-publish","format-standard","hentry","category-gedichte","category-weihnachten"],"_links":{"self":[{"href":"https:\/\/www.arno-wilhelm.de\/index.php?rest_route=\/wp\/v2\/posts\/89","targetHints":{"allow":["GET"]}}],"collection":[{"href":"https:\/\/www.arno-wilhelm.de\/index.php?rest_route=\/wp\/v2\/posts"}],"about":[{"href":"https:\/\/www.arno-wilhelm.de\/index.php?rest_route=\/wp\/v2\/types\/post"}],"author":[{"embeddable":true,"href":"https:\/\/www.arno-wilhelm.de\/index.php?rest_route=\/wp\/v2\/users\/1"}],"replies":[{"embeddable":true,"href":"https:\/\/www.arno-wilhelm.de\/index.php?rest_route=%2Fwp%2Fv2%2Fcomments&post=89"}],"version-history":[{"count":0,"href":"https:\/\/www.arno-wilhelm.de\/index.php?rest_route=\/wp\/v2\/posts\/89\/revisions"}],"wp:attachment":[{"href":"https:\/\/www.arno-wilhelm.de\/index.php?rest_route=%2Fwp%2Fv2%2Fmedia&parent=89"}],"wp:term":[{"taxonomy":"category","embeddable":true,"href":"https:\/\/www.arno-wilhelm.de\/index.php?rest_route=%2Fwp%2Fv2%2Fcategories&post=89"},{"taxonomy":"post_tag","embeddable":true,"href":"https:\/\/www.arno-wilhelm.de\/index.php?rest_route=%2Fwp%2Fv2%2Ftags&post=89"}],"curies":[{"name":"wp","href":"https:\/\/api.w.org\/{rel}","templated":true}]}}