{"id":840,"date":"2018-08-04T07:09:47","date_gmt":"2018-08-04T07:09:47","guid":{"rendered":"http:\/\/www.arno-wilhelm.de\/?p=840"},"modified":"2018-08-04T07:11:43","modified_gmt":"2018-08-04T07:11:43","slug":"ein-neuigkeitsbrief","status":"publish","type":"post","link":"https:\/\/www.arno-wilhelm.de\/?p=840","title":{"rendered":"Ein Neuigkeitsbrief"},"content":{"rendered":"<p>Einen wundersch\u00f6nen guten Tag,<\/p>\n<p>ich wollte euch, die ihr hin und wieder auf meine Homepage guckt, mal auf den neuesten Stand bringen. Ich hatte in letzter Zeit ein paar sehr sch\u00f6ne Auftritte, unter anderem bei meiner Sommerleseb\u00fchne &#8218;Dichterasse auf der Dachterrasse&#8216;, wenn auch witterungsbedingt eher neben der Dachterrasse und vor zwei Tagen bei den famos legend\u00e4r grandiosen &#8218;Brauseboys&#8216; im Wedding. Von letzterem kann man auch ein Foto bei <a href=\"https:\/\/www.instagram.com\/larrydevito\/\" target=\"_blank\" rel=\"noopener\">Instagram<\/a> finden. Ansonsten habe ich meinen zweiten Roman gr\u00fcndlich \u00fcberarbeitet und mittlerweile fertiggestellt.\u00a0Ein lustiger Blick auf den Untergang der Welt. Ich\u00a0 sehe mich gerade nach passenden Verlagen um. Wenn es dazu Neuigkeiten gibt, gebe ich Bescheid. Ich schreibe in letzter Zeit viel Kindergeschichten, \u00fcber einen lungenkranken Pandab\u00e4r, der zwei verschiedenfarbige Augen hat und \u00fcber einen Vater, der mit seiner Tochter aufs Land zieht. Vielleicht sogar demn\u00e4chst einen kleinen Roman. Es macht mir viel Spa\u00df, dieses neue Genre f\u00fcr mich zu entdecken. Und es ist sch\u00f6n mal meinen Kindern etwas von dem vorlesen zu k\u00f6nnen, was ich schreibe. Auch da suche ich, welche Verlage passend sein k\u00f6nnten. Wir werden sehen, ob sich etwas ergibt.<\/p>\n<p>Am Dienstag, den 07.08. ist mal wieder <a href=\"http:\/\/www.facebook.com\/dichtungsring\" target=\"_blank\" rel=\"noopener\">Dichtungsring<\/a> im Laika, ich w\u00fcrde mich sehr freuen, wenn der eine oder andere von euch kommt.<\/p>\n<p>Habt eine sch\u00f6ne Zeit<\/p>\n<p>Arno<\/p>\n","protected":false},"excerpt":{"rendered":"<p>Einen wundersch\u00f6nen guten Tag, ich wollte euch, die ihr hin und wieder auf meine Homepage guckt, mal auf den neuesten Stand bringen. Ich hatte in letzter Zeit ein paar sehr sch\u00f6ne Auftritte, unter anderem bei meiner Sommerleseb\u00fchne &#8218;Dichterasse auf der Dachterrasse&#8216;, wenn auch witterungsbedingt eher neben der Dachterrasse und vor zwei Tagen bei den famos &hellip; <\/p>\n<p class=\"link-more\"><a href=\"https:\/\/www.arno-wilhelm.de\/?p=840\" class=\"more-link\"><span class=\"screen-reader-text\">\u201eEin Neuigkeitsbrief\u201c<\/span> weiterlesen<\/a><\/p>\n","protected":false},"author":1,"featured_media":0,"comment_status":"open","ping_status":"open","sticky":false,"template":"","format":"standard","meta":{"footnotes":""},"categories":[488],"tags":[487,485,486],"class_list":["post-840","post","type-post","status-publish","format-standard","hentry","category-neuigkeitsbriefe","tag-neue-buecher","tag-neuigkeitsbrief","tag-newsletter"],"_links":{"self":[{"href":"https:\/\/www.arno-wilhelm.de\/index.php?rest_route=\/wp\/v2\/posts\/840","targetHints":{"allow":["GET"]}}],"collection":[{"href":"https:\/\/www.arno-wilhelm.de\/index.php?rest_route=\/wp\/v2\/posts"}],"about":[{"href":"https:\/\/www.arno-wilhelm.de\/index.php?rest_route=\/wp\/v2\/types\/post"}],"author":[{"embeddable":true,"href":"https:\/\/www.arno-wilhelm.de\/index.php?rest_route=\/wp\/v2\/users\/1"}],"replies":[{"embeddable":true,"href":"https:\/\/www.arno-wilhelm.de\/index.php?rest_route=%2Fwp%2Fv2%2Fcomments&post=840"}],"version-history":[{"count":2,"href":"https:\/\/www.arno-wilhelm.de\/index.php?rest_route=\/wp\/v2\/posts\/840\/revisions"}],"predecessor-version":[{"id":842,"href":"https:\/\/www.arno-wilhelm.de\/index.php?rest_route=\/wp\/v2\/posts\/840\/revisions\/842"}],"wp:attachment":[{"href":"https:\/\/www.arno-wilhelm.de\/index.php?rest_route=%2Fwp%2Fv2%2Fmedia&parent=840"}],"wp:term":[{"taxonomy":"category","embeddable":true,"href":"https:\/\/www.arno-wilhelm.de\/index.php?rest_route=%2Fwp%2Fv2%2Fcategories&post=840"},{"taxonomy":"post_tag","embeddable":true,"href":"https:\/\/www.arno-wilhelm.de\/index.php?rest_route=%2Fwp%2Fv2%2Ftags&post=840"}],"curies":[{"name":"wp","href":"https:\/\/api.w.org\/{rel}","templated":true}]}}