{"id":824,"date":"2018-08-04T06:40:30","date_gmt":"2018-08-04T06:40:30","guid":{"rendered":"http:\/\/www.arno-wilhelm.de\/?p=824"},"modified":"2018-08-04T06:40:30","modified_gmt":"2018-08-04T06:40:30","slug":"gedichte-197-der-fehlerhafte-vorwurf-der-verweigerung-der-taeglichen-morgendlichen-einstiegsmahlzeit","status":"publish","type":"post","link":"https:\/\/www.arno-wilhelm.de\/?p=824","title":{"rendered":"Gedichte (197) &#8211; Der fehlerhafte Vorwurf der Verweigerung der t\u00e4glichen morgendlichen Einstiegsmahlzeit"},"content":{"rendered":"<p><strong>Der fehlerhafte Vorwurf der Verweigerung der t\u00e4glichen morgendlichen Einstiegsmahlzeit<\/strong><\/p>\n<p>Der Vorwurf war ein Unget\u00fcm<br \/>\nIch wurde und zwar ungest\u00fcm<br \/>\nDer Fr\u00fchst\u00fcckensverweigerung<br \/>\nbezichtigt<br \/>\nOhne \u00dcbersteigerung<br \/>\nWird das hiermit berichtigt<\/p>\n<p>Die Beschwerde war zum Sachverhalt<br \/>\nUnd formuliert gar dergestalt<br \/>\nDass ich zu fr\u00fch zu Mittag esse<br \/>\nWeil ich das fr\u00fchst\u00fccken vergesse<br \/>\nOder diese Mahlzeit gar<br \/>\nVerweigere ganz sonderbar<\/p>\n<p>Das stimmt allerdings schlicht<br \/>\nund ergreifend nicht<\/p>\n<p>Ja es ist wahr, was ich beschreibe<br \/>\nWas morgens ich mir einverleibe<br \/>\nIst zumeist ganz nach der Norm<br \/>\nVon allerfeinster Apfelform<\/p>\n<p>Just weil es halt ein Apfel ist<br \/>\nWas mein Mund da isst und frisst<br \/>\nMehr wird dabei nun zumeist<br \/>\nIn der Tat auch nicht verspeist<\/p>\n<p>Und es ist auch wirklich wahr<br \/>\nMittags ist mein Hunger klar<br \/>\nSehr fr\u00fch schon mehr als deutlich da<br \/>\nGigantisch, stark und wahrnehmbar<\/p>\n<p>Doch trotzdem sorgt mir dieser Schluss<br \/>\nDen man da an den Kopf mir warf<br \/>\nVom Apfel auf Essensbedarf<br \/>\nF\u00fcr echten ehrlichen Verdruss<\/p>\n<p>Denn wer mich kennt der wei\u00df hinl\u00e4nglich<br \/>\nMein Hunger, der ist \u00fcberschw\u00e4nglich<br \/>\nUnd das, das wei\u00df man weit und breit<br \/>\nSchlicht zu jeder Tageszeit<\/p>\n<p>Das Loch kann auch kein Apfel stopfen<br \/>\nKein Kn\u00f6del aus leckeren Topfen<br \/>\nNicht mal ein ganzes gro\u00dfes Gnu<br \/>\nH\u00e4tte da das Zeug dazu<\/p>\n<p>Das Fr\u00fchst\u00fcck halt ich minimal<br \/>\nWeil&#8217;s an Di\u00e4t die kleinste Qual<br \/>\nF\u00fcr den verfress&#8217;nen K\u00f6rper ist<\/p>\n<p>Um Dicklichkeiten zu vermeiden<br \/>\nDie w\u00fcrden mir nur Frust bereiten<br \/>\nDann w\u00fcrd&#8216; noch mehr aus Frust ich essen<br \/>\nMeine Figur w\u00fcrde das stressen<\/p>\n<p>Doch sei die Moral von der Geschicht<br \/>\nZum Schluss f\u00fcr das Nahrungsgedicht<br \/>\n(An Wortwitz dabei nicht gespart)<\/p>\n<p>Nochmal kurz auf den Punkt gegart:<\/p>\n<p>Von Essen aller Art und Menge<br \/>\nSei&#8217;s einzeln oder ein Gedr\u00e4nge<br \/>\nBleibt leider und ganz unerh\u00f6rt<br \/>\nMein Hunger stetig ungest\u00f6rt<\/p>\n","protected":false},"excerpt":{"rendered":"<p>Der fehlerhafte Vorwurf der Verweigerung der t\u00e4glichen morgendlichen Einstiegsmahlzeit Der Vorwurf war ein Unget\u00fcm Ich wurde und zwar ungest\u00fcm Der Fr\u00fchst\u00fcckensverweigerung bezichtigt Ohne \u00dcbersteigerung Wird das hiermit berichtigt Die Beschwerde war zum Sachverhalt Und formuliert gar dergestalt Dass ich zu fr\u00fch zu Mittag esse Weil ich das fr\u00fchst\u00fccken vergesse Oder diese Mahlzeit gar Verweigere ganz &hellip; <\/p>\n<p class=\"link-more\"><a href=\"https:\/\/www.arno-wilhelm.de\/?p=824\" class=\"more-link\"><span class=\"screen-reader-text\">\u201eGedichte (197) &#8211; Der fehlerhafte Vorwurf der Verweigerung der t\u00e4glichen morgendlichen Einstiegsmahlzeit\u201c<\/span> weiterlesen<\/a><\/p>\n","protected":false},"author":1,"featured_media":0,"comment_status":"open","ping_status":"open","sticky":false,"template":"","format":"standard","meta":{"footnotes":""},"categories":[1],"tags":[302,472,338,373],"class_list":["post-824","post","type-post","status-publish","format-standard","hentry","category-uncategorized","tag-arno-wilhelm","tag-fruehstueck","tag-gedicht","tag-lyrik"],"_links":{"self":[{"href":"https:\/\/www.arno-wilhelm.de\/index.php?rest_route=\/wp\/v2\/posts\/824","targetHints":{"allow":["GET"]}}],"collection":[{"href":"https:\/\/www.arno-wilhelm.de\/index.php?rest_route=\/wp\/v2\/posts"}],"about":[{"href":"https:\/\/www.arno-wilhelm.de\/index.php?rest_route=\/wp\/v2\/types\/post"}],"author":[{"embeddable":true,"href":"https:\/\/www.arno-wilhelm.de\/index.php?rest_route=\/wp\/v2\/users\/1"}],"replies":[{"embeddable":true,"href":"https:\/\/www.arno-wilhelm.de\/index.php?rest_route=%2Fwp%2Fv2%2Fcomments&post=824"}],"version-history":[{"count":1,"href":"https:\/\/www.arno-wilhelm.de\/index.php?rest_route=\/wp\/v2\/posts\/824\/revisions"}],"predecessor-version":[{"id":825,"href":"https:\/\/www.arno-wilhelm.de\/index.php?rest_route=\/wp\/v2\/posts\/824\/revisions\/825"}],"wp:attachment":[{"href":"https:\/\/www.arno-wilhelm.de\/index.php?rest_route=%2Fwp%2Fv2%2Fmedia&parent=824"}],"wp:term":[{"taxonomy":"category","embeddable":true,"href":"https:\/\/www.arno-wilhelm.de\/index.php?rest_route=%2Fwp%2Fv2%2Fcategories&post=824"},{"taxonomy":"post_tag","embeddable":true,"href":"https:\/\/www.arno-wilhelm.de\/index.php?rest_route=%2Fwp%2Fv2%2Ftags&post=824"}],"curies":[{"name":"wp","href":"https:\/\/api.w.org\/{rel}","templated":true}]}}