{"id":786,"date":"2017-12-13T15:43:48","date_gmt":"2017-12-13T15:43:48","guid":{"rendered":"http:\/\/blog.arno-wilhelm.de\/?p=786"},"modified":"2017-12-13T15:43:48","modified_gmt":"2017-12-13T15:43:48","slug":"poetry-slam-adlershof","status":"publish","type":"post","link":"https:\/\/www.arno-wilhelm.de\/?p=786","title":{"rendered":"Poetry Slam Adlershof"},"content":{"rendered":"<p>Hallo zusammen,<\/p>\n<p>hinter dem folgenden Bild<\/p>\n<p>http:\/\/meinhardt-medien.de\/7-poetry-slam-adlershof-mit-felix-roemer-am-30-november\/<\/p>\n<p>findet ihr eine Zusammenfassung des Slams in Adlershof im November. Es war insgesamt das dritte Mal, dass ich in Adlershof dabei war und es macht jedes Mal wieder Spa\u00df. Es moderiert der von mir hochgesch\u00e4tzte Felix R\u00f6mer und ich durfte zum wiederholten Male mit Wolf Hogekamp und zum ersten Mal mit Fee, Aron Boks und Vux auftreten. War ein sch\u00f6ner Abend.<\/p>\n<p>Viele Gr\u00fc\u00dfe und euch eine sch\u00f6ne Adventszeit<\/p>\n<p>Arno<\/p>\n","protected":false},"excerpt":{"rendered":"<p>Hallo zusammen, hinter dem folgenden Bild http:\/\/meinhardt-medien.de\/7-poetry-slam-adlershof-mit-felix-roemer-am-30-november\/ findet ihr eine Zusammenfassung des Slams in Adlershof im November. Es war insgesamt das dritte Mal, dass ich in Adlershof dabei war und es macht jedes Mal wieder Spa\u00df. Es moderiert der von mir hochgesch\u00e4tzte Felix R\u00f6mer und ich durfte zum wiederholten Male mit Wolf Hogekamp und zum &hellip; <\/p>\n<p class=\"link-more\"><a href=\"https:\/\/www.arno-wilhelm.de\/?p=786\" class=\"more-link\"><span class=\"screen-reader-text\">\u201ePoetry Slam Adlershof\u201c<\/span> weiterlesen<\/a><\/p>\n","protected":false},"author":1,"featured_media":0,"comment_status":"open","ping_status":"open","sticky":false,"template":"","format":"standard","meta":{"footnotes":""},"categories":[1],"tags":[302,466,464,463,462,468,461,467,465],"class_list":["post-786","post","type-post","status-publish","format-standard","hentry","category-uncategorized","tag-arno-wilhelm","tag-aron-boks","tag-fee","tag-felix-roemer","tag-meinhardt-medien","tag-poetry-slam","tag-poetry-slam-adlershof","tag-vux","tag-wolf-hogekamp"],"_links":{"self":[{"href":"https:\/\/www.arno-wilhelm.de\/index.php?rest_route=\/wp\/v2\/posts\/786","targetHints":{"allow":["GET"]}}],"collection":[{"href":"https:\/\/www.arno-wilhelm.de\/index.php?rest_route=\/wp\/v2\/posts"}],"about":[{"href":"https:\/\/www.arno-wilhelm.de\/index.php?rest_route=\/wp\/v2\/types\/post"}],"author":[{"embeddable":true,"href":"https:\/\/www.arno-wilhelm.de\/index.php?rest_route=\/wp\/v2\/users\/1"}],"replies":[{"embeddable":true,"href":"https:\/\/www.arno-wilhelm.de\/index.php?rest_route=%2Fwp%2Fv2%2Fcomments&post=786"}],"version-history":[{"count":1,"href":"https:\/\/www.arno-wilhelm.de\/index.php?rest_route=\/wp\/v2\/posts\/786\/revisions"}],"predecessor-version":[{"id":787,"href":"https:\/\/www.arno-wilhelm.de\/index.php?rest_route=\/wp\/v2\/posts\/786\/revisions\/787"}],"wp:attachment":[{"href":"https:\/\/www.arno-wilhelm.de\/index.php?rest_route=%2Fwp%2Fv2%2Fmedia&parent=786"}],"wp:term":[{"taxonomy":"category","embeddable":true,"href":"https:\/\/www.arno-wilhelm.de\/index.php?rest_route=%2Fwp%2Fv2%2Fcategories&post=786"},{"taxonomy":"post_tag","embeddable":true,"href":"https:\/\/www.arno-wilhelm.de\/index.php?rest_route=%2Fwp%2Fv2%2Ftags&post=786"}],"curies":[{"name":"wp","href":"https:\/\/api.w.org\/{rel}","templated":true}]}}