{"id":78,"date":"2014-04-17T10:14:00","date_gmt":"2014-04-17T08:14:00","guid":{"rendered":"http:\/\/arnowilhelm.wordpress.com\/2014\/04\/17\/gedichte-145"},"modified":"2014-04-17T10:14:00","modified_gmt":"2014-04-17T08:14:00","slug":"gedichte-145","status":"publish","type":"post","link":"https:\/\/www.arno-wilhelm.de\/?p=78","title":{"rendered":"Gedichte (145) &#8211; Wunschdenken"},"content":{"rendered":"<p><strong>Wunschdenken<\/strong><\/p>\n<div class=\"MsoNormal\">\n<p>Ich w\u00fcnsche mir ein Land<br \/>\nMit Politik, die wortgewandt<br \/>\nKlipp und klar die Meinung sagt<br \/>\nWenn wer zu einem Thema fragt<\/p>\n<p>Deutlich, m\u00f6glichst unverschwurbelt<br \/>\nInhalt, der den Geist ankurbelt<br \/>\nBisher bleibt der Wunsch unerf\u00fcllt<br \/>\nJede Rede ist umh\u00fcllt<\/p>\n<p>Von geistesleeren Phrasenblasen<br \/>\nVerbal erzeugtem Vakuum<br \/>\nMit Wolkenschl\u00f6ssern drum herum<\/p>\n<p>Ich w\u00fcnsch mir, dass sie wer zersticht<br \/>\nUnd frag mich \u2013 warum mach ich\u2019s nicht?<\/p>\n<\/div>\n","protected":false},"excerpt":{"rendered":"<p>Wunschdenken Ich w\u00fcnsche mir ein Land Mit Politik, die wortgewandt Klipp und klar die Meinung sagt Wenn wer zu einem Thema fragt Deutlich, m\u00f6glichst unverschwurbelt Inhalt, der den Geist ankurbelt Bisher bleibt der Wunsch unerf\u00fcllt Jede Rede ist umh\u00fcllt Von geistesleeren Phrasenblasen Verbal erzeugtem Vakuum Mit Wolkenschl\u00f6ssern drum herum Ich w\u00fcnsch mir, dass sie wer &hellip; <\/p>\n<p class=\"link-more\"><a href=\"https:\/\/www.arno-wilhelm.de\/?p=78\" class=\"more-link\"><span class=\"screen-reader-text\">\u201eGedichte (145) &#8211; Wunschdenken\u201c<\/span> weiterlesen<\/a><\/p>\n","protected":false},"author":1,"featured_media":0,"comment_status":"open","ping_status":"open","sticky":false,"template":"","format":"standard","meta":{"footnotes":""},"categories":[19,106,164,203,289],"tags":[],"class_list":["post-78","post","type-post","status-publish","format-standard","hentry","category-arno-wilhelm","category-gedichte","category-lyrik","category-politik","category-wunschdenken"],"_links":{"self":[{"href":"https:\/\/www.arno-wilhelm.de\/index.php?rest_route=\/wp\/v2\/posts\/78","targetHints":{"allow":["GET"]}}],"collection":[{"href":"https:\/\/www.arno-wilhelm.de\/index.php?rest_route=\/wp\/v2\/posts"}],"about":[{"href":"https:\/\/www.arno-wilhelm.de\/index.php?rest_route=\/wp\/v2\/types\/post"}],"author":[{"embeddable":true,"href":"https:\/\/www.arno-wilhelm.de\/index.php?rest_route=\/wp\/v2\/users\/1"}],"replies":[{"embeddable":true,"href":"https:\/\/www.arno-wilhelm.de\/index.php?rest_route=%2Fwp%2Fv2%2Fcomments&post=78"}],"version-history":[{"count":0,"href":"https:\/\/www.arno-wilhelm.de\/index.php?rest_route=\/wp\/v2\/posts\/78\/revisions"}],"wp:attachment":[{"href":"https:\/\/www.arno-wilhelm.de\/index.php?rest_route=%2Fwp%2Fv2%2Fmedia&parent=78"}],"wp:term":[{"taxonomy":"category","embeddable":true,"href":"https:\/\/www.arno-wilhelm.de\/index.php?rest_route=%2Fwp%2Fv2%2Fcategories&post=78"},{"taxonomy":"post_tag","embeddable":true,"href":"https:\/\/www.arno-wilhelm.de\/index.php?rest_route=%2Fwp%2Fv2%2Ftags&post=78"}],"curies":[{"name":"wp","href":"https:\/\/api.w.org\/{rel}","templated":true}]}}