{"id":697,"date":"2017-01-10T11:51:46","date_gmt":"2017-01-10T10:51:46","guid":{"rendered":"https:\/\/arnowilhelm.wordpress.com\/?p=697"},"modified":"2017-01-10T11:51:46","modified_gmt":"2017-01-10T10:51:46","slug":"gedichte-187-kinderliederquaelerei","status":"publish","type":"post","link":"https:\/\/www.arno-wilhelm.de\/?p=697","title":{"rendered":"Gedichte (187) &#8211; Kinderliederqu\u00e4lerei"},"content":{"rendered":"<p><strong>Kinderliederqu\u00e4lerei<\/strong><\/p>\n<p>Kinderlieder klingen wieder<br \/>\nDie von fr\u00fcher ich noch kenne<br \/>\nDas Kind h\u00f6rt sie in Dauerschleife<br \/>\nStatt dass ich die Flucht ergreife<br \/>\nTr\u00e4um\u2018 ich, mein Trommelfell verbrenne<\/p>\n<p>Doch anders als in Kindertagen<br \/>\nKommt manch Gedanke, manche Fragen<br \/>\nEs dreht sich fix der Plattenteller<br \/>\nGing manch ein Text nicht aktueller?<\/p>\n<p>Wei\u00df wei\u00df wei\u00df sind alle meine Kleider, wei\u00df wei\u00df wei\u00df ist alles was ich hab.<br \/>\nDarum lieb ich alles was so wei\u00df ist, weil mein Schatz ein Zahnarzt ist<\/p>\n<p>Wer will fleissige Handwerker sehen? Der muss zu uns Kindern gehen.<br \/>\nKlein und fein, Klein und fein. Das iPhone wird bald fertig sein.<\/p>\n<p>Im M\u00e4rzen der Bauer die R\u00f6\u00dflein einspannnt<br \/>\nEr setzt seine Felder und Wiesen in Brand<br \/>\nDie Versicherungssumme begeistert ihn sehr<br \/>\nMit ehrlicher Arbeit l\u00e4uft es nicht mehr<\/p>\n<p>H\u00e4nsel und Gretel verliefen sich im Wald<br \/>\nEs war so finster und auch so bitter kalt<br \/>\nGretel nahm ihr Smartphone &#8211; GPS hilft weit<br \/>\nSeitdem verlaufen die beiden sich zu keiner Tageszeit<\/p>\n<p>Der Kuckuck und der Esel die hatten einen Streit, wer wohl am besten s\u00e4nge, wer wohl am besten s\u00e4nge<br \/>\nDann planten die beiden und waren wieder froh<br \/>\nSie gingen gemeinsam in eine Castingshow<\/p>\n<p>Kommt ein Vogel geflogen, setzt sich nieder auf mein Fu\u00df, hat wei\u00dfe Kleckse hinterlassen, von ihm selbst kam der Gru\u00df<\/p>\n<p>Ich geh mit meiner Laterne und meine Laterne mit mir<br \/>\nDa oben leuchten die Sterne, hier unten brennen wir<br \/>\nDas Licht tret aus, ich will nach Haus<br \/>\nRabimmel, rabammel, rabumm<br \/>\nDie Feuerwehr kommt auch gleich her<br \/>\nRabimmel, rabammel, rabumm<\/p>\n<p>Es regnet, es regnet, der Regen der stresst<br \/>\nUnd wenn&#8217;s genug geregnet hat dann bin ich stets durchn\u00e4sst<\/p>\n<p>Es klappert die M\u00fchle am rauschenden Bach<br \/>\nBei Tag und bei Nacht war der M\u00fcller stets wach<br \/>\nDoch sowas schadet ja dem K\u00f6rper gar sehr<br \/>\nEinen Schlaganfall sp\u00e4ter, da mahlt er nicht mehr<\/p>\n<p>Drei Chinesen mit dem Kontrabass,<br \/>\nSa\u00dfen auf der Stra\u00dfe und erz\u00e4hlten sich was. Warum kommt da die Polizei und fragt &#8218;Was ist das?&#8216;<br \/>\nBei drei Chinesen mit nem Kontrabass<br \/>\nWeil sie auf der Stra\u00dfe sitzen, bei Wetter und Wind, oder weil&#8217;s Chinesen sind?<\/p>\n<p>Und so erneuer ich altes,<br \/>\nLeis in meinem Kopf<br \/>\nDie Lied hat ein Ende<br \/>\nBlieb es dabei,<\/p>\n<p>Ach wie toll ich das f\u00e4nde<br \/>\nKleiner Finger dr\u00fcckt Knopf<br \/>\nDie CD f\u00e4ngt von vorn an<\/p>\n<p>Ach, ich armer Tropf.<\/p>\n","protected":false},"excerpt":{"rendered":"<p>Kinderliederqu\u00e4lerei Kinderlieder klingen wieder Die von fr\u00fcher ich noch kenne Das Kind h\u00f6rt sie in Dauerschleife Statt dass ich die Flucht ergreife Tr\u00e4um\u2018 ich, mein Trommelfell verbrenne Doch anders als in Kindertagen Kommt manch Gedanke, manche Fragen Es dreht sich fix der Plattenteller Ging manch ein Text nicht aktueller? Wei\u00df wei\u00df wei\u00df sind alle meine &hellip; <\/p>\n<p class=\"link-more\"><a href=\"https:\/\/www.arno-wilhelm.de\/?p=697\" class=\"more-link\"><span class=\"screen-reader-text\">\u201eGedichte (187) &#8211; Kinderliederqu\u00e4lerei\u201c<\/span> weiterlesen<\/a><\/p>\n","protected":false},"author":1,"featured_media":0,"comment_status":"open","ping_status":"open","sticky":false,"template":"","format":"standard","meta":{"footnotes":""},"categories":[9,104,106],"tags":[302,363,364,365],"class_list":["post-697","post","type-post","status-publish","format-standard","hentry","category-allgemein","category-gedicht","category-gedichte","tag-arno-wilhelm","tag-kinder","tag-kinderlieder","tag-kinderliederquaelerei"],"_links":{"self":[{"href":"https:\/\/www.arno-wilhelm.de\/index.php?rest_route=\/wp\/v2\/posts\/697","targetHints":{"allow":["GET"]}}],"collection":[{"href":"https:\/\/www.arno-wilhelm.de\/index.php?rest_route=\/wp\/v2\/posts"}],"about":[{"href":"https:\/\/www.arno-wilhelm.de\/index.php?rest_route=\/wp\/v2\/types\/post"}],"author":[{"embeddable":true,"href":"https:\/\/www.arno-wilhelm.de\/index.php?rest_route=\/wp\/v2\/users\/1"}],"replies":[{"embeddable":true,"href":"https:\/\/www.arno-wilhelm.de\/index.php?rest_route=%2Fwp%2Fv2%2Fcomments&post=697"}],"version-history":[{"count":0,"href":"https:\/\/www.arno-wilhelm.de\/index.php?rest_route=\/wp\/v2\/posts\/697\/revisions"}],"wp:attachment":[{"href":"https:\/\/www.arno-wilhelm.de\/index.php?rest_route=%2Fwp%2Fv2%2Fmedia&parent=697"}],"wp:term":[{"taxonomy":"category","embeddable":true,"href":"https:\/\/www.arno-wilhelm.de\/index.php?rest_route=%2Fwp%2Fv2%2Fcategories&post=697"},{"taxonomy":"post_tag","embeddable":true,"href":"https:\/\/www.arno-wilhelm.de\/index.php?rest_route=%2Fwp%2Fv2%2Ftags&post=697"}],"curies":[{"name":"wp","href":"https:\/\/api.w.org\/{rel}","templated":true}]}}