{"id":695,"date":"2017-01-10T11:49:44","date_gmt":"2017-01-10T10:49:44","guid":{"rendered":"https:\/\/arnowilhelm.wordpress.com\/?p=695"},"modified":"2017-01-10T11:49:44","modified_gmt":"2017-01-10T10:49:44","slug":"gedichte-186-adventskreischen","status":"publish","type":"post","link":"https:\/\/www.arno-wilhelm.de\/?p=695","title":{"rendered":"Gedichte (186) &#8211; Adventskreischen"},"content":{"rendered":"<p><strong>Adventskreischen<\/strong><\/p>\n<p>Zwackelmann ist gr\u00fcn und klein<br \/>\nGelangweilt und v\u00f6llig allein<br \/>\nDie Eltern, die sind schwer besch\u00e4ftigt<br \/>\nWas Langeweile mehr bekr\u00e4ftigt<\/p>\n<p>Im Raumschiff fliegt er mit Gebrumm<br \/>\nAuf der Erde stets herum<br \/>\nEs ist winterkalt und schneit<br \/>\nUnspannende Weihnachtszeit<\/p>\n<p>Was soll er tun? Nix steht zur Wahl<br \/>\nDie Felder, die sind v\u00f6llig kahl<br \/>\nWo er so gern Kornkreise schafft<br \/>\nMit seines blauen Lasers Kraft<\/p>\n<p>Doch da kommt ihm die Idee<br \/>\nAuf den Feldern liegt doch Schnee<br \/>\nLaserhitze die gef\u00e4llt<br \/>\nBrennt in das gefror&#8217;ne Feld<\/p>\n<p>Adventskreischen sch\u00f6n gro\u00df und rund<br \/>\nSie leuchten auch noch kunterbunt<br \/>\nZwackelmann muss dolle lachen<br \/>\nDie Menschen werden Augen machen<\/p>\n","protected":false},"excerpt":{"rendered":"<p>Adventskreischen Zwackelmann ist gr\u00fcn und klein Gelangweilt und v\u00f6llig allein Die Eltern, die sind schwer besch\u00e4ftigt Was Langeweile mehr bekr\u00e4ftigt Im Raumschiff fliegt er mit Gebrumm Auf der Erde stets herum Es ist winterkalt und schneit Unspannende Weihnachtszeit Was soll er tun? Nix steht zur Wahl Die Felder, die sind v\u00f6llig kahl Wo er so &hellip; <\/p>\n<p class=\"link-more\"><a href=\"https:\/\/www.arno-wilhelm.de\/?p=695\" class=\"more-link\"><span class=\"screen-reader-text\">\u201eGedichte (186) &#8211; Adventskreischen\u201c<\/span> weiterlesen<\/a><\/p>\n","protected":false},"author":1,"featured_media":0,"comment_status":"open","ping_status":"open","sticky":false,"template":"","format":"standard","meta":{"footnotes":""},"categories":[9,104,106],"tags":[296,302,366,393,430],"class_list":["post-695","post","type-post","status-publish","format-standard","hentry","category-allgemein","category-gedicht","category-gedichte","tag-adventskreischen","tag-arno-wilhelm","tag-kornkreise","tag-raumschiff","tag-zwackelmann"],"_links":{"self":[{"href":"https:\/\/www.arno-wilhelm.de\/index.php?rest_route=\/wp\/v2\/posts\/695","targetHints":{"allow":["GET"]}}],"collection":[{"href":"https:\/\/www.arno-wilhelm.de\/index.php?rest_route=\/wp\/v2\/posts"}],"about":[{"href":"https:\/\/www.arno-wilhelm.de\/index.php?rest_route=\/wp\/v2\/types\/post"}],"author":[{"embeddable":true,"href":"https:\/\/www.arno-wilhelm.de\/index.php?rest_route=\/wp\/v2\/users\/1"}],"replies":[{"embeddable":true,"href":"https:\/\/www.arno-wilhelm.de\/index.php?rest_route=%2Fwp%2Fv2%2Fcomments&post=695"}],"version-history":[{"count":0,"href":"https:\/\/www.arno-wilhelm.de\/index.php?rest_route=\/wp\/v2\/posts\/695\/revisions"}],"wp:attachment":[{"href":"https:\/\/www.arno-wilhelm.de\/index.php?rest_route=%2Fwp%2Fv2%2Fmedia&parent=695"}],"wp:term":[{"taxonomy":"category","embeddable":true,"href":"https:\/\/www.arno-wilhelm.de\/index.php?rest_route=%2Fwp%2Fv2%2Fcategories&post=695"},{"taxonomy":"post_tag","embeddable":true,"href":"https:\/\/www.arno-wilhelm.de\/index.php?rest_route=%2Fwp%2Fv2%2Ftags&post=695"}],"curies":[{"name":"wp","href":"https:\/\/api.w.org\/{rel}","templated":true}]}}