{"id":678,"date":"2017-01-10T11:36:11","date_gmt":"2017-01-10T10:36:11","guid":{"rendered":"https:\/\/arnowilhelm.wordpress.com\/?p=678"},"modified":"2017-01-10T11:36:11","modified_gmt":"2017-01-10T10:36:11","slug":"gedichte-178-hackfleisch-mit-zwiebel-sind-in-der-form-zumeist-igel","status":"publish","type":"post","link":"https:\/\/www.arno-wilhelm.de\/?p=678","title":{"rendered":"Gedichte (178) &#8211; Hackfleisch mit Zwiebel sind in der Form zumeist Igel"},"content":{"rendered":"<p><strong>Hackfleisch und Zwiebel sind in der Form zumeist Igel<\/strong><br \/>\n<em>eine K\u00fchlschrank-Ballade<\/em><\/p>\n<p>Hackfleisch mit Zwiebel,<br \/>\nDa war doch mal was<br \/>\nMir ist als h\u00e4tt ich gar<br \/>\nrelevantes verpasst<\/p>\n<p>Irgendwas wollt ich kochen<br \/>\nSchon vor ein paar Wochen<br \/>\nDoch das verga\u00df ich<br \/>\nUnd kochte und a\u00df nich\u2018<\/p>\n<p>Hatt\u2018 das Fleisch schon erworben<br \/>\nGanz und gar unverdorben<br \/>\nEs im K\u00fchlschrank verstaut<br \/>\nUnd nicht mehr geschaut<\/p>\n<p>War nicht sehr penibel<br \/>\nHackfleisch und Zwiebel<br \/>\nWuchsen empor<br \/>\nIch denke es fror<\/p>\n<p>Und so zog es sich dann<br \/>\nEinen Pelzmantel an<br \/>\nSch\u00f6n gepunktet wei\u00df-blau<br \/>\nIst es schon eine Schau<\/p>\n<p>Ich nehm\u2019s mit der Zange<br \/>\nStatt dass ich\u2019s selber anlange<br \/>\nDer Geruch ganz sch\u00f6n \u00fcbel<br \/>\nAber ab in den K\u00fcbel?<\/p>\n<p>W\u00e4r ja auch schade drum<br \/>\nDeshalb die Atmung auf stumm<br \/>\nUnd die Nase verschlie\u00dfen<br \/>\nGanz schnell panieren, in die Pfanne \u00d6l gie\u00dfen<\/p>\n<p>Dann sch\u00f6n in feinstem Fette baden<br \/>\nAch guck, da sind auch noch zwei Maden<br \/>\nSch\u00f6n ausf\u00fchrlich wird\u2019s gebraten<br \/>\nDa sollt\u2018 man ruhig was l\u00e4nger warten<\/p>\n<p>Jetzt auf den Teller ab damit<br \/>\nDas h\u00e4lt jeden Magen fit<br \/>\nSch\u00f6n viel Ketchup muss noch sein<br \/>\nUnd der Hunger treibt\u2019s dann rein.<\/p>\n","protected":false},"excerpt":{"rendered":"<p>Hackfleisch und Zwiebel sind in der Form zumeist Igel eine K\u00fchlschrank-Ballade Hackfleisch mit Zwiebel, Da war doch mal was Mir ist als h\u00e4tt ich gar relevantes verpasst Irgendwas wollt ich kochen Schon vor ein paar Wochen Doch das verga\u00df ich Und kochte und a\u00df nich\u2018 Hatt\u2018 das Fleisch schon erworben Ganz und gar unverdorben Es &hellip; <\/p>\n<p class=\"link-more\"><a href=\"https:\/\/www.arno-wilhelm.de\/?p=678\" class=\"more-link\"><span class=\"screen-reader-text\">\u201eGedichte (178) &#8211; Hackfleisch mit Zwiebel sind in der Form zumeist Igel\u201c<\/span> weiterlesen<\/a><\/p>\n","protected":false},"author":1,"featured_media":0,"comment_status":"open","ping_status":"open","sticky":false,"template":"","format":"standard","meta":{"footnotes":""},"categories":[9,104,106],"tags":[302,344],"class_list":["post-678","post","type-post","status-publish","format-standard","hentry","category-allgemein","category-gedicht","category-gedichte","tag-arno-wilhelm","tag-hackfleisch-und-zwiebel-sind-in-der-form-zumeist-igel"],"_links":{"self":[{"href":"https:\/\/www.arno-wilhelm.de\/index.php?rest_route=\/wp\/v2\/posts\/678","targetHints":{"allow":["GET"]}}],"collection":[{"href":"https:\/\/www.arno-wilhelm.de\/index.php?rest_route=\/wp\/v2\/posts"}],"about":[{"href":"https:\/\/www.arno-wilhelm.de\/index.php?rest_route=\/wp\/v2\/types\/post"}],"author":[{"embeddable":true,"href":"https:\/\/www.arno-wilhelm.de\/index.php?rest_route=\/wp\/v2\/users\/1"}],"replies":[{"embeddable":true,"href":"https:\/\/www.arno-wilhelm.de\/index.php?rest_route=%2Fwp%2Fv2%2Fcomments&post=678"}],"version-history":[{"count":0,"href":"https:\/\/www.arno-wilhelm.de\/index.php?rest_route=\/wp\/v2\/posts\/678\/revisions"}],"wp:attachment":[{"href":"https:\/\/www.arno-wilhelm.de\/index.php?rest_route=%2Fwp%2Fv2%2Fmedia&parent=678"}],"wp:term":[{"taxonomy":"category","embeddable":true,"href":"https:\/\/www.arno-wilhelm.de\/index.php?rest_route=%2Fwp%2Fv2%2Fcategories&post=678"},{"taxonomy":"post_tag","embeddable":true,"href":"https:\/\/www.arno-wilhelm.de\/index.php?rest_route=%2Fwp%2Fv2%2Ftags&post=678"}],"curies":[{"name":"wp","href":"https:\/\/api.w.org\/{rel}","templated":true}]}}