{"id":616,"date":"2015-06-26T17:56:48","date_gmt":"2015-06-26T15:56:48","guid":{"rendered":"https:\/\/arnowilhelm.wordpress.com\/?p=616"},"modified":"2015-06-26T17:56:48","modified_gmt":"2015-06-26T15:56:48","slug":"gedichte-170-abgestillt","status":"publish","type":"post","link":"https:\/\/www.arno-wilhelm.de\/?p=616","title":{"rendered":"Gedichte (170) &#8211; Abgestillt"},"content":{"rendered":"<p><strong>Abgestillt<\/strong><\/p>\n<p>Der kleine s\u00fc\u00df lachende Knilch<br \/>\nNun frei von jeder Muttermilch<br \/>\nIsst jetzt sehr gerne Brot und Brei<br \/>\nUnd feinstes Nudelallerlei<\/p>\n<p>Die Mutter kriegt die Freiheit wieder<br \/>\nHat ihren K\u00f6rper nun f\u00fcr sich<br \/>\nSogar Abends hier und da<br \/>\nEin wenig Freizeit- k\u00f6niglich<\/p>\n<p>Einmal w\u00f6chentlich ist drin<br \/>\nAbende &#8211; F\u00fcr jeden einen<br \/>\nWeggehen, Kino, sonstwohin<br \/>\nDer andere h\u00fctet die Kleinen<\/p>\n<p>Die Freude ist jedes Mal gro\u00df<br \/>\nUnd man genie\u00dft es \u2013 zweifellos<br \/>\nNach ein paar Stunden denkt man meist<br \/>\nLangsam will ich wieder los<\/p>\n<p>Gedanken zieht es heimw\u00e4rts<br \/>\nVermissen macht sich dann doch breit<br \/>\nZuhause freut sich\u2019s Elternherz<br \/>\n\u00dcber vertraute Viersamkeit<\/p>\n<p>Ab ins Bett, es ist schon sp\u00e4t,<br \/>\nMan denkt bevor man schlafen geht<br \/>\nWohin wir gehen, was wir auch tun<br \/>\nDas Elternsein wird nie ganz ruhen<\/p>\n","protected":false},"excerpt":{"rendered":"<p>Abgestillt Der kleine s\u00fc\u00df lachende Knilch Nun frei von jeder Muttermilch Isst jetzt sehr gerne Brot und Brei Und feinstes Nudelallerlei Die Mutter kriegt die Freiheit wieder Hat ihren K\u00f6rper nun f\u00fcr sich Sogar Abends hier und da Ein wenig Freizeit- k\u00f6niglich Einmal w\u00f6chentlich ist drin Abende &#8211; F\u00fcr jeden einen Weggehen, Kino, sonstwohin Der &hellip; <\/p>\n<p class=\"link-more\"><a href=\"https:\/\/www.arno-wilhelm.de\/?p=616\" class=\"more-link\"><span class=\"screen-reader-text\">\u201eGedichte (170) &#8211; Abgestillt\u201c<\/span> weiterlesen<\/a><\/p>\n","protected":false},"author":1,"featured_media":0,"comment_status":"open","ping_status":"open","sticky":false,"template":"","format":"standard","meta":{"footnotes":""},"categories":[9],"tags":[294,295,302,305,339,373],"class_list":["post-616","post","type-post","status-publish","format-standard","hentry","category-allgemein","tag-abgestillt","tag-abstillen","tag-arno-wilhelm","tag-baby","tag-gedichte","tag-lyrik"],"_links":{"self":[{"href":"https:\/\/www.arno-wilhelm.de\/index.php?rest_route=\/wp\/v2\/posts\/616","targetHints":{"allow":["GET"]}}],"collection":[{"href":"https:\/\/www.arno-wilhelm.de\/index.php?rest_route=\/wp\/v2\/posts"}],"about":[{"href":"https:\/\/www.arno-wilhelm.de\/index.php?rest_route=\/wp\/v2\/types\/post"}],"author":[{"embeddable":true,"href":"https:\/\/www.arno-wilhelm.de\/index.php?rest_route=\/wp\/v2\/users\/1"}],"replies":[{"embeddable":true,"href":"https:\/\/www.arno-wilhelm.de\/index.php?rest_route=%2Fwp%2Fv2%2Fcomments&post=616"}],"version-history":[{"count":0,"href":"https:\/\/www.arno-wilhelm.de\/index.php?rest_route=\/wp\/v2\/posts\/616\/revisions"}],"wp:attachment":[{"href":"https:\/\/www.arno-wilhelm.de\/index.php?rest_route=%2Fwp%2Fv2%2Fmedia&parent=616"}],"wp:term":[{"taxonomy":"category","embeddable":true,"href":"https:\/\/www.arno-wilhelm.de\/index.php?rest_route=%2Fwp%2Fv2%2Fcategories&post=616"},{"taxonomy":"post_tag","embeddable":true,"href":"https:\/\/www.arno-wilhelm.de\/index.php?rest_route=%2Fwp%2Fv2%2Ftags&post=616"}],"curies":[{"name":"wp","href":"https:\/\/api.w.org\/{rel}","templated":true}]}}