{"id":576,"date":"2015-01-30T17:51:12","date_gmt":"2015-01-30T16:51:12","guid":{"rendered":"https:\/\/arnowilhelm.wordpress.com\/?p=576"},"modified":"2015-01-30T17:51:12","modified_gmt":"2015-01-30T16:51:12","slug":"gedichte-159-der-bischof","status":"publish","type":"post","link":"https:\/\/www.arno-wilhelm.de\/?p=576","title":{"rendered":"Gedichte (159) &#8211; Der Bischof"},"content":{"rendered":"<p>Hallo allerseits,<br \/>\nMatthias und ich bitten ja vor jedem Dichtungsring um ein Thema, um ein entsprechendes Gedicht dazu zu schreiben. Letztes Mal bekamen wir ein Bild von dem ich vermutete, dass es sich dabei um einen gemalten Bischof handelt. Darum ist diese Gedicht entstanden.<br \/>\nHabt eine sch\u00f6ne Zeit,<br \/>\nViele Gr\u00fc\u00dfe,<br \/>\nArno<\/p>\n<hr \/>\n<p><strong>Der Bischof<\/strong><\/p>\n<p>Starr steht er da auf wei\u00dfem Grund<br \/>\nDie M\u00fctze spitz, sein Stab ganz rund<br \/>\nund schneckengleich<br \/>\nVerbunden mit dem Himmelsreich<br \/>\nDer Bischof sieht mich b\u00e4rtig an<br \/>\nWeil er mehr nicht tun kann<br \/>\nSagt nichts, tut nichts, optimal<br \/>\nWird nie Papst, nie Kardinal<br \/>\nEntscheidet und er predigt nicht<\/p>\n<p>Mit Bleistiftstrich ist er gemalt<br \/>\nIn einem deutlich bess&#8217;ren Licht<\/p>\n<p>Wie er da so vom Blatte strahlt<br \/>\nIst er befreit von allem Schlechten<\/p>\n<p>Im Gegensatz zu einem echten<br \/>\nStellt der gemalte Glaubensmann<br \/>\nZumindest keinen Unfug an<\/p>\n","protected":false},"excerpt":{"rendered":"<p>Hallo allerseits, Matthias und ich bitten ja vor jedem Dichtungsring um ein Thema, um ein entsprechendes Gedicht dazu zu schreiben. Letztes Mal bekamen wir ein Bild von dem ich vermutete, dass es sich dabei um einen gemalten Bischof handelt. Darum ist diese Gedicht entstanden. Habt eine sch\u00f6ne Zeit, Viele Gr\u00fc\u00dfe, Arno Der Bischof Starr steht &hellip; <\/p>\n<p class=\"link-more\"><a href=\"https:\/\/www.arno-wilhelm.de\/?p=576\" class=\"more-link\"><span class=\"screen-reader-text\">\u201eGedichte (159) &#8211; Der Bischof\u201c<\/span> weiterlesen<\/a><\/p>\n","protected":false},"author":1,"featured_media":0,"comment_status":"open","ping_status":"open","sticky":false,"template":"","format":"standard","meta":{"footnotes":""},"categories":[9],"tags":[302,309,319,410],"class_list":["post-576","post","type-post","status-publish","format-standard","hentry","category-allgemein","tag-arno-wilhelm","tag-bischof","tag-dichtungsring","tag-themengedicht"],"_links":{"self":[{"href":"https:\/\/www.arno-wilhelm.de\/index.php?rest_route=\/wp\/v2\/posts\/576","targetHints":{"allow":["GET"]}}],"collection":[{"href":"https:\/\/www.arno-wilhelm.de\/index.php?rest_route=\/wp\/v2\/posts"}],"about":[{"href":"https:\/\/www.arno-wilhelm.de\/index.php?rest_route=\/wp\/v2\/types\/post"}],"author":[{"embeddable":true,"href":"https:\/\/www.arno-wilhelm.de\/index.php?rest_route=\/wp\/v2\/users\/1"}],"replies":[{"embeddable":true,"href":"https:\/\/www.arno-wilhelm.de\/index.php?rest_route=%2Fwp%2Fv2%2Fcomments&post=576"}],"version-history":[{"count":0,"href":"https:\/\/www.arno-wilhelm.de\/index.php?rest_route=\/wp\/v2\/posts\/576\/revisions"}],"wp:attachment":[{"href":"https:\/\/www.arno-wilhelm.de\/index.php?rest_route=%2Fwp%2Fv2%2Fmedia&parent=576"}],"wp:term":[{"taxonomy":"category","embeddable":true,"href":"https:\/\/www.arno-wilhelm.de\/index.php?rest_route=%2Fwp%2Fv2%2Fcategories&post=576"},{"taxonomy":"post_tag","embeddable":true,"href":"https:\/\/www.arno-wilhelm.de\/index.php?rest_route=%2Fwp%2Fv2%2Ftags&post=576"}],"curies":[{"name":"wp","href":"https:\/\/api.w.org\/{rel}","templated":true}]}}