{"id":574,"date":"2015-01-30T17:49:05","date_gmt":"2015-01-30T16:49:05","guid":{"rendered":"https:\/\/arnowilhelm.wordpress.com\/?p=574"},"modified":"2015-01-30T17:49:05","modified_gmt":"2015-01-30T16:49:05","slug":"gedichte-158-nachwuchs","status":"publish","type":"post","link":"https:\/\/www.arno-wilhelm.de\/?p=574","title":{"rendered":"Gedichte (158) &#8211; Nachwuchs"},"content":{"rendered":"<p><strong>Nachwuchs<\/strong><\/p>\n<p>Wochenlang hab ich gezittert<br \/>\nBin vom Berg ins Tal geschlittert<br \/>\nAuf dem Weg der Emotionen<br \/>\nWir werden bald das Kind entthronen<\/p>\n<p>Hoffentlich kommt er gut klar<br \/>\nIst lieb zu ihr und h\u00e4lt sich wacker<br \/>\nNicht b\u00f6se oder sonderbar<br \/>\nDer kleine &#8211; jetzt dann gro\u00dfe &#8211; Racker<\/p>\n<p>Und eines Tags ist es soweit<br \/>\nMit neugeborenem T\u00f6chterlein<br \/>\nWinzig, s\u00fc\u00df und zart und fein<br \/>\nWir sind zuhause, es wird Zeit<br \/>\nDem Gro\u00dfen sie jetzt vorzustellen<br \/>\nSich zu ihm r\u00fcber zu gesellen<\/p>\n<p>Sprech schnell noch Gebet und Bitte<br \/>\nDoch er findet sie ganz niedlich<br \/>\nDas Baby da in unserer Mitte<br \/>\nIst lieb, fr\u00f6hlich und v\u00f6llig friedlich<\/p>\n<p>Er will sogar noch mit ihr schmusen<br \/>\nVerh\u00e4lt sich sont auch ganz nach Sitte<br \/>\nIch f\u00fcrchtete welch Leid er litte<br \/>\nDas Baby saugt an Mamas Busen<br \/>\nDer Gro\u00dfe nimmt alles gelassen<br \/>\nUnd ich, ich kann es kaum noch fassen<\/p>\n<p>Er macht sich Sorgen weil sie weint<br \/>\nMan gutes Essen ihr verneint<br \/>\nSo schl\u00e4gt er ganz ohne Humor<br \/>\nUns allerhand f\u00fcr\u2019s Baby vor:<\/p>\n<p>Baby weint \u2013 mag sie ein TicTac?<br \/>\nOder irgendeinen anderen Schnick \u2013 Schnack?<br \/>\nSpielzeug? Will sie Fernsehen gucken?<br \/>\nOder Apfelschorle schlucken?<\/p>\n<p>Baby weint \u2013 will sie ein Eis?<br \/>\nEltern sind der letzte Scheiss<br \/>\nVon denen kriegt das Schwesterlein<br \/>\nNix ausser Brust, das ist gemein<\/p>\n","protected":false},"excerpt":{"rendered":"<p>Nachwuchs Wochenlang hab ich gezittert Bin vom Berg ins Tal geschlittert Auf dem Weg der Emotionen Wir werden bald das Kind entthronen Hoffentlich kommt er gut klar Ist lieb zu ihr und h\u00e4lt sich wacker Nicht b\u00f6se oder sonderbar Der kleine &#8211; jetzt dann gro\u00dfe &#8211; Racker Und eines Tags ist es soweit Mit neugeborenem &hellip; <\/p>\n<p class=\"link-more\"><a href=\"https:\/\/www.arno-wilhelm.de\/?p=574\" class=\"more-link\"><span class=\"screen-reader-text\">\u201eGedichte (158) &#8211; Nachwuchs\u201c<\/span> weiterlesen<\/a><\/p>\n","protected":false},"author":1,"featured_media":0,"comment_status":"open","ping_status":"open","sticky":false,"template":"","format":"standard","meta":{"footnotes":""},"categories":[9],"tags":[302,305,306,381,426],"class_list":["post-574","post","type-post","status-publish","format-standard","hentry","category-allgemein","tag-arno-wilhelm","tag-baby","tag-babypoesie","tag-nachwuchs","tag-www-larrydevito-de"],"_links":{"self":[{"href":"https:\/\/www.arno-wilhelm.de\/index.php?rest_route=\/wp\/v2\/posts\/574","targetHints":{"allow":["GET"]}}],"collection":[{"href":"https:\/\/www.arno-wilhelm.de\/index.php?rest_route=\/wp\/v2\/posts"}],"about":[{"href":"https:\/\/www.arno-wilhelm.de\/index.php?rest_route=\/wp\/v2\/types\/post"}],"author":[{"embeddable":true,"href":"https:\/\/www.arno-wilhelm.de\/index.php?rest_route=\/wp\/v2\/users\/1"}],"replies":[{"embeddable":true,"href":"https:\/\/www.arno-wilhelm.de\/index.php?rest_route=%2Fwp%2Fv2%2Fcomments&post=574"}],"version-history":[{"count":0,"href":"https:\/\/www.arno-wilhelm.de\/index.php?rest_route=\/wp\/v2\/posts\/574\/revisions"}],"wp:attachment":[{"href":"https:\/\/www.arno-wilhelm.de\/index.php?rest_route=%2Fwp%2Fv2%2Fmedia&parent=574"}],"wp:term":[{"taxonomy":"category","embeddable":true,"href":"https:\/\/www.arno-wilhelm.de\/index.php?rest_route=%2Fwp%2Fv2%2Fcategories&post=574"},{"taxonomy":"post_tag","embeddable":true,"href":"https:\/\/www.arno-wilhelm.de\/index.php?rest_route=%2Fwp%2Fv2%2Ftags&post=574"}],"curies":[{"name":"wp","href":"https:\/\/api.w.org\/{rel}","templated":true}]}}