{"id":568,"date":"2014-10-30T10:26:57","date_gmt":"2014-10-30T09:26:57","guid":{"rendered":"http:\/\/arnowilhelm.wordpress.com\/?p=568"},"modified":"2014-10-30T10:26:57","modified_gmt":"2014-10-30T09:26:57","slug":"horbuch-der-woche-felsenfest","status":"publish","type":"post","link":"https:\/\/www.arno-wilhelm.de\/?p=568","title":{"rendered":"H\u00f6rbuch der Woche: Felsenfest"},"content":{"rendered":"<p>Auf die Regionalkrimis von J\u00f6rg Maurer bin ich urspr\u00fcnglich nur dadurch gesto\u00dfen, dass er bei einer Veranstaltungsreihe in der Stadtbibliothek F\u00fcssen aufgetreten war, bei der ich bei einer sp\u00e4teren Ausgabe aus meinem Roman <a href=\"http:\/\/arnowilhelm.wordpress.com\/bucher\/jack-rodman-die-ganze-wahrheit\/\" title=\"Jack Rodman (die ganze Wahrheit)\" target=\"_blank\">Jack Rodman<\/a> las. Felsenfest ist dabei nach &#8222;Unterholz&#8220; der zweite Roman, den ich von ihm als H\u00f4rbuch h\u00f6re. Er spricht die B\u00fccher selbst und macht seine Sache gut und erstaunlich vielf\u00e4ltig. Toll an Felsenfest ist neben einem gut ausgedachten Mordfall mitsamt einem abwegigen, aber nichtsdestotrotz plausiblen Schluss, die Vielfalt der Pers\u00f6nlichkeiten in Jennerweins alter Klasse. \u00dcberspitzt werden sie zumeist durch ihre Eintr\u00e4ge in der j\u00e4hrlich erscheinenden Klassenzeitung vorgestellt, die den typischen Ton und Humor solcher Zusammenstellungen perfekt treffen. Insgesamt ein sehr stark lokal verwurzelter und kurzweiliger Kriminalfall.<\/p>\n","protected":false},"excerpt":{"rendered":"<p>Auf die Regionalkrimis von J\u00f6rg Maurer bin ich urspr\u00fcnglich nur dadurch gesto\u00dfen, dass er bei einer Veranstaltungsreihe in der Stadtbibliothek F\u00fcssen aufgetreten war, bei der ich bei einer sp\u00e4teren Ausgabe aus meinem Roman Jack Rodman las. Felsenfest ist dabei nach &#8222;Unterholz&#8220; der zweite Roman, den ich von ihm als H\u00f4rbuch h\u00f6re. Er spricht die B\u00fccher &hellip; <\/p>\n<p class=\"link-more\"><a href=\"https:\/\/www.arno-wilhelm.de\/?p=568\" class=\"more-link\"><span class=\"screen-reader-text\">\u201eH\u00f6rbuch der Woche: Felsenfest\u201c<\/span> weiterlesen<\/a><\/p>\n","protected":false},"author":1,"featured_media":0,"comment_status":"open","ping_status":"open","sticky":false,"template":"","format":"standard","meta":{"footnotes":""},"categories":[9],"tags":[333,346,347,358],"class_list":["post-568","post","type-post","status-publish","format-standard","hentry","category-allgemein","tag-felsenfest","tag-horbuch","tag-horbuch-der-woche","tag-jorg-maurer"],"_links":{"self":[{"href":"https:\/\/www.arno-wilhelm.de\/index.php?rest_route=\/wp\/v2\/posts\/568","targetHints":{"allow":["GET"]}}],"collection":[{"href":"https:\/\/www.arno-wilhelm.de\/index.php?rest_route=\/wp\/v2\/posts"}],"about":[{"href":"https:\/\/www.arno-wilhelm.de\/index.php?rest_route=\/wp\/v2\/types\/post"}],"author":[{"embeddable":true,"href":"https:\/\/www.arno-wilhelm.de\/index.php?rest_route=\/wp\/v2\/users\/1"}],"replies":[{"embeddable":true,"href":"https:\/\/www.arno-wilhelm.de\/index.php?rest_route=%2Fwp%2Fv2%2Fcomments&post=568"}],"version-history":[{"count":0,"href":"https:\/\/www.arno-wilhelm.de\/index.php?rest_route=\/wp\/v2\/posts\/568\/revisions"}],"wp:attachment":[{"href":"https:\/\/www.arno-wilhelm.de\/index.php?rest_route=%2Fwp%2Fv2%2Fmedia&parent=568"}],"wp:term":[{"taxonomy":"category","embeddable":true,"href":"https:\/\/www.arno-wilhelm.de\/index.php?rest_route=%2Fwp%2Fv2%2Fcategories&post=568"},{"taxonomy":"post_tag","embeddable":true,"href":"https:\/\/www.arno-wilhelm.de\/index.php?rest_route=%2Fwp%2Fv2%2Ftags&post=568"}],"curies":[{"name":"wp","href":"https:\/\/api.w.org\/{rel}","templated":true}]}}