{"id":465,"date":"2014-09-01T12:22:13","date_gmt":"2014-09-01T10:22:13","guid":{"rendered":"http:\/\/arnowilhelm.wordpress.com\/2014\/09\/01\/gedichte-150\/"},"modified":"2014-09-01T12:22:13","modified_gmt":"2014-09-01T10:22:13","slug":"gedichte-150","status":"publish","type":"post","link":"https:\/\/www.arno-wilhelm.de\/?p=465","title":{"rendered":"Gedichte (150) &#8211; Sturmfreizeit"},"content":{"rendered":"<p><strong>Sturmfreizeit<\/strong><\/p>\n<p>Endlich Freizeit, endlich Ruhe,<br \/>\nFrau und Kind sind aus dem Haus<br \/>\nHol meine Jacke, schn\u00fcr\u2019 die Schuhe<br \/>\nKauf Bier und Chips zum Festtagsschmaus<\/p>\n<p>Zuhaus leg ich die F\u00fc\u00dfe hoch<br \/>\nSchlaf, Fernsehen und Chillen<br \/>\nNach Feierabend nix zu tun<br \/>\nLieferservice oder Grillen<\/p>\n<p>Das sind heut die gro\u00dfen Fragen<br \/>\nUnd ich kann allein die Antwort sagen<\/p>\n<p>Ein paar Tage nur f\u00fcr mich<br \/>\nDoch kaum allein schon sp\u00fcre ich<br \/>\nWie sehr das Kinderlachen fehlt<br \/>\nUnd die N\u00e4he meiner Frau<br \/>\nDas ist es doch, was wirklich z\u00e4hlt<br \/>\nIch wei\u00df es doch genau<\/p>\n<p>Bin um ein wenig Ruhe froh<br \/>\nWeil ich wei\u00df: Es bleibt nicht so<br \/>\nUnd bald schon sind sie wieder da:<\/p>\n<p>Die Lieblingsmenschen, wunderbar!<\/p>\n","protected":false},"excerpt":{"rendered":"<p>Sturmfreizeit Endlich Freizeit, endlich Ruhe, Frau und Kind sind aus dem Haus Hol meine Jacke, schn\u00fcr\u2019 die Schuhe Kauf Bier und Chips zum Festtagsschmaus Zuhaus leg ich die F\u00fc\u00dfe hoch Schlaf, Fernsehen und Chillen Nach Feierabend nix zu tun Lieferservice oder Grillen Das sind heut die gro\u00dfen Fragen Und ich kann allein die Antwort sagen &hellip; <\/p>\n<p class=\"link-more\"><a href=\"https:\/\/www.arno-wilhelm.de\/?p=465\" class=\"more-link\"><span class=\"screen-reader-text\">\u201eGedichte (150) &#8211; Sturmfreizeit\u201c<\/span> weiterlesen<\/a><\/p>\n","protected":false},"author":1,"featured_media":0,"comment_status":"open","ping_status":"open","sticky":false,"template":"","format":"standard","meta":{"footnotes":""},"categories":[9],"tags":[302,339,373,408],"class_list":["post-465","post","type-post","status-publish","format-standard","hentry","category-allgemein","tag-arno-wilhelm","tag-gedichte","tag-lyrik","tag-sturmfreizeit"],"_links":{"self":[{"href":"https:\/\/www.arno-wilhelm.de\/index.php?rest_route=\/wp\/v2\/posts\/465","targetHints":{"allow":["GET"]}}],"collection":[{"href":"https:\/\/www.arno-wilhelm.de\/index.php?rest_route=\/wp\/v2\/posts"}],"about":[{"href":"https:\/\/www.arno-wilhelm.de\/index.php?rest_route=\/wp\/v2\/types\/post"}],"author":[{"embeddable":true,"href":"https:\/\/www.arno-wilhelm.de\/index.php?rest_route=\/wp\/v2\/users\/1"}],"replies":[{"embeddable":true,"href":"https:\/\/www.arno-wilhelm.de\/index.php?rest_route=%2Fwp%2Fv2%2Fcomments&post=465"}],"version-history":[{"count":0,"href":"https:\/\/www.arno-wilhelm.de\/index.php?rest_route=\/wp\/v2\/posts\/465\/revisions"}],"wp:attachment":[{"href":"https:\/\/www.arno-wilhelm.de\/index.php?rest_route=%2Fwp%2Fv2%2Fmedia&parent=465"}],"wp:term":[{"taxonomy":"category","embeddable":true,"href":"https:\/\/www.arno-wilhelm.de\/index.php?rest_route=%2Fwp%2Fv2%2Fcategories&post=465"},{"taxonomy":"post_tag","embeddable":true,"href":"https:\/\/www.arno-wilhelm.de\/index.php?rest_route=%2Fwp%2Fv2%2Ftags&post=465"}],"curies":[{"name":"wp","href":"https:\/\/api.w.org\/{rel}","templated":true}]}}