{"id":287,"date":"2008-05-14T18:18:00","date_gmt":"2008-05-14T16:18:00","guid":{"rendered":"http:\/\/arnowilhelm.wordpress.com\/2008\/05\/14\/gedichte-3"},"modified":"2008-05-14T18:18:00","modified_gmt":"2008-05-14T16:18:00","slug":"gedichte-3","status":"publish","type":"post","link":"https:\/\/www.arno-wilhelm.de\/?p=287","title":{"rendered":"Gedichte (3)"},"content":{"rendered":"<p>Hier ein ganz neues Gedicht, mein erstes im Jahr 2008, \u00fcber ein Thema das mir immer wieder ins Gesicht springt&#8230;<\/p>\n<p>&#8211; Ihr &#8211;<\/p>\n<p>Der K\u00f6rper schlank, die Haut so zart,<br \/>Kein Gramm Fett, das L\u00e4cheln smart,<br \/>Gesicht perfekt, so feine Z\u00fcge,<br \/>wie ich sie verachte, eure Lebensl\u00fcge&#8230;<\/p>\n<p>Ihr seid so sch\u00f6n, alle T\u00fcren offen,<br \/>So viele von euch hab ich schon getroffen,<br \/>So sch\u00f6ne Menschen, doch der Geist so flach,<br \/>sozial so kalt, Bewusstsein schwach&#8230;<\/p>\n<p>St\u00e4ndig liiert, soviel Sex, soviel Sport,<br \/>Ihr macht Abi, Studiert, und nicht ein kluges Wort,<br \/>umgebt euch mit Sch\u00f6nheit, seid mit jedem per Du,<br \/>und ihr erz\u00e4hlt mir, mir f\u00e4llt alles zu?<\/p>\n<p>Ich hab viel gesehen und gelernt, so viel Schmerz gesp\u00fcrt,<br \/>Ich k\u00f6nnt&#8216; euch erz\u00e4hlen, wo mein Wissen herr\u00fchrt,<br \/>Doch ihr habt kein Interesse, nur gelebten Neid,<br \/>den ihr jeden Tag durch die Lande schreit&#8230;<\/p>\n<p>Ihr k\u00f6nntet so gl\u00fccklich sein, doch ihr wisst es nicht mal,<br \/>Denn \u00fcber all euren Worten steht der Neid so fatal,<br \/>F\u00fcr euch kommt wohl jeder Rat zu sp\u00e4t,<br \/>ihr seid f\u00fcr mich gelebte Reaktivit\u00e4t&#8230;<\/p>\n<p>Wisst nicht was ihr habt, nicht was ihr k\u00f6nnt,<br \/>All meine Worte sind bei euch verp\u00f6nt,<br \/>Keine Ahnung wo ihr steht, macht alle schlecht die anders sind,<br \/>seid so Egofixiert und vor allen andern blind&#8230;<\/p>\n<p>Ich schlie\u00df nun die T\u00fcr, geh weiter meinen Weg,<br \/>ihr seid nicht mal die Verachtung wert, die ihr in mir erregt&#8230;<\/p>\n","protected":false},"excerpt":{"rendered":"<p>Hier ein ganz neues Gedicht, mein erstes im Jahr 2008, \u00fcber ein Thema das mir immer wieder ins Gesicht springt&#8230; &#8211; Ihr &#8211; Der K\u00f6rper schlank, die Haut so zart,Kein Gramm Fett, das L\u00e4cheln smart,Gesicht perfekt, so feine Z\u00fcge,wie ich sie verachte, eure Lebensl\u00fcge&#8230; Ihr seid so sch\u00f6n, alle T\u00fcren offen,So viele von euch hab &hellip; <\/p>\n<p class=\"link-more\"><a href=\"https:\/\/www.arno-wilhelm.de\/?p=287\" class=\"more-link\"><span class=\"screen-reader-text\">\u201eGedichte (3)\u201c<\/span> weiterlesen<\/a><\/p>\n","protected":false},"author":1,"featured_media":0,"comment_status":"open","ping_status":"open","sticky":false,"template":"","format":"standard","meta":{"footnotes":""},"categories":[9],"tags":[],"class_list":["post-287","post","type-post","status-publish","format-standard","hentry","category-allgemein"],"_links":{"self":[{"href":"https:\/\/www.arno-wilhelm.de\/index.php?rest_route=\/wp\/v2\/posts\/287","targetHints":{"allow":["GET"]}}],"collection":[{"href":"https:\/\/www.arno-wilhelm.de\/index.php?rest_route=\/wp\/v2\/posts"}],"about":[{"href":"https:\/\/www.arno-wilhelm.de\/index.php?rest_route=\/wp\/v2\/types\/post"}],"author":[{"embeddable":true,"href":"https:\/\/www.arno-wilhelm.de\/index.php?rest_route=\/wp\/v2\/users\/1"}],"replies":[{"embeddable":true,"href":"https:\/\/www.arno-wilhelm.de\/index.php?rest_route=%2Fwp%2Fv2%2Fcomments&post=287"}],"version-history":[{"count":0,"href":"https:\/\/www.arno-wilhelm.de\/index.php?rest_route=\/wp\/v2\/posts\/287\/revisions"}],"wp:attachment":[{"href":"https:\/\/www.arno-wilhelm.de\/index.php?rest_route=%2Fwp%2Fv2%2Fmedia&parent=287"}],"wp:term":[{"taxonomy":"category","embeddable":true,"href":"https:\/\/www.arno-wilhelm.de\/index.php?rest_route=%2Fwp%2Fv2%2Fcategories&post=287"},{"taxonomy":"post_tag","embeddable":true,"href":"https:\/\/www.arno-wilhelm.de\/index.php?rest_route=%2Fwp%2Fv2%2Ftags&post=287"}],"curies":[{"name":"wp","href":"https:\/\/api.w.org\/{rel}","templated":true}]}}