{"id":281,"date":"2009-10-03T15:43:00","date_gmt":"2009-10-03T13:43:00","guid":{"rendered":"http:\/\/arnowilhelm.wordpress.com\/2009\/10\/03\/gedichte-12"},"modified":"2009-10-03T15:43:00","modified_gmt":"2009-10-03T13:43:00","slug":"gedichte-12","status":"publish","type":"post","link":"https:\/\/www.arno-wilhelm.de\/?p=281","title":{"rendered":"Gedichte (12)"},"content":{"rendered":"<p>Ihr seid das Volk<\/p>\n<p>Sie haben gew\u00e4hlt, meine Damen und Herren, nun treten sie ein,<br \/>lehnen sie sich zur\u00fcck, um 4 Jahre nur noch Zeuge zu sein,<br \/>wie, das richtige f\u00fcr sie war diesmal nicht dabei?<br \/>Gr\u00fcnden sie doch 2013 ihre eigene Partei!<\/p>\n<p>Schwarz, Gelb, Braun, Gr\u00fcn, Rot, Orange und Violett,<br \/>Neoliberal, rechts, links, sozial, h\u00e4sslich, adrett,<br \/>In diesem Brei wird schon jeder was finden,<br \/>Wenn Wahlk\u00e4mpfer sich aalglatt vor der Kamera winden,<\/p>\n<p>Alle reden sie von Krise, gemacht von b\u00f6sen Banken,<br \/>Die W\u00e4hler haben wieder ja gesagt, zur Wirtschaft ohne Schranken,<br \/>Schwarz-Gelb also \u2013 das habt ihr gew\u00e4hlt,<br \/>f\u00fcr den Weg aus dieser ach so schweren Zeit, wie man sich erz\u00e4hlt,<\/p>\n<p>Alle Mann nun auf zur n\u00e4chsten Krise, der Weg ist schon bekannt,<br \/>Voll aufs Gas und dankbar mit 180 in die n\u00e4chste Wand,<\/p>\n<p>Bauen wir ein neues Fundament, mit Schwarz-Gelbem Zement,<br \/>ein Schildb\u00fcrgerstreich von einer Wahl, mit Guido als Aal,<br \/>und Angie als Hecht, mir ist jetzt schon schlecht,<br \/>Frag mich was in 4 Jahren passiert, ob wieder 16 Jahre Schwarz regiert?<\/p>\n<p>Ich m\u00f6chte einen formalen Antrag stellen,<br \/>Ich bitte darum, das n\u00e4chste Mal zuerst ein anderes Volk zu w\u00e4hlen,<br \/>an diesem hier bin ich verzweifelt, da kann alles geschehen,<br \/>Sollen sie doch Kuchen essen, und gar nicht mehr w\u00e4hlen gehen\u2026<\/p>\n","protected":false},"excerpt":{"rendered":"<p>Ihr seid das Volk Sie haben gew\u00e4hlt, meine Damen und Herren, nun treten sie ein,lehnen sie sich zur\u00fcck, um 4 Jahre nur noch Zeuge zu sein,wie, das richtige f\u00fcr sie war diesmal nicht dabei?Gr\u00fcnden sie doch 2013 ihre eigene Partei! Schwarz, Gelb, Braun, Gr\u00fcn, Rot, Orange und Violett,Neoliberal, rechts, links, sozial, h\u00e4sslich, adrett,In diesem Brei &hellip; <\/p>\n<p class=\"link-more\"><a href=\"https:\/\/www.arno-wilhelm.de\/?p=281\" class=\"more-link\"><span class=\"screen-reader-text\">\u201eGedichte (12)\u201c<\/span> weiterlesen<\/a><\/p>\n","protected":false},"author":1,"featured_media":0,"comment_status":"open","ping_status":"open","sticky":false,"template":"","format":"standard","meta":{"footnotes":""},"categories":[9],"tags":[],"class_list":["post-281","post","type-post","status-publish","format-standard","hentry","category-allgemein"],"_links":{"self":[{"href":"https:\/\/www.arno-wilhelm.de\/index.php?rest_route=\/wp\/v2\/posts\/281","targetHints":{"allow":["GET"]}}],"collection":[{"href":"https:\/\/www.arno-wilhelm.de\/index.php?rest_route=\/wp\/v2\/posts"}],"about":[{"href":"https:\/\/www.arno-wilhelm.de\/index.php?rest_route=\/wp\/v2\/types\/post"}],"author":[{"embeddable":true,"href":"https:\/\/www.arno-wilhelm.de\/index.php?rest_route=\/wp\/v2\/users\/1"}],"replies":[{"embeddable":true,"href":"https:\/\/www.arno-wilhelm.de\/index.php?rest_route=%2Fwp%2Fv2%2Fcomments&post=281"}],"version-history":[{"count":0,"href":"https:\/\/www.arno-wilhelm.de\/index.php?rest_route=\/wp\/v2\/posts\/281\/revisions"}],"wp:attachment":[{"href":"https:\/\/www.arno-wilhelm.de\/index.php?rest_route=%2Fwp%2Fv2%2Fmedia&parent=281"}],"wp:term":[{"taxonomy":"category","embeddable":true,"href":"https:\/\/www.arno-wilhelm.de\/index.php?rest_route=%2Fwp%2Fv2%2Fcategories&post=281"},{"taxonomy":"post_tag","embeddable":true,"href":"https:\/\/www.arno-wilhelm.de\/index.php?rest_route=%2Fwp%2Fv2%2Ftags&post=281"}],"curies":[{"name":"wp","href":"https:\/\/api.w.org\/{rel}","templated":true}]}}