{"id":277,"date":"2010-03-23T22:12:00","date_gmt":"2010-03-23T21:12:00","guid":{"rendered":"http:\/\/arnowilhelm.wordpress.com\/2010\/03\/23\/in-eigener-sache-2"},"modified":"2010-03-23T22:12:00","modified_gmt":"2010-03-23T21:12:00","slug":"in-eigener-sache-2","status":"publish","type":"post","link":"https:\/\/www.arno-wilhelm.de\/?p=277","title":{"rendered":"In eigener Sache (2)"},"content":{"rendered":"<p>Einen wundersch\u00f6nen guten Abend,<br \/>der Blog hat sein Antlitz ein wenig ver\u00e4ndert,<br \/>und viele Texte und Gedichte sind verschwunden. <br \/>Wie kommt das nur?<\/p>\n<p><a href=\"http:\/\/www.larrydevito.de\">Der Blog<\/a> hat mich durch die Jahre von 2007 bis<br \/>zum M\u00e4rz 2010 in seiner alten Form durch H\u00f6hen,<br \/>Tiefen und noch mehr H\u00f6hen begleitet <br \/>und da bin ich auch sehr froh dr\u00fcber, nun ist<br \/>allerdings Zeit f\u00fcr eine Prise Ver\u00e4nderung.<\/p>\n<p>Ab jetzt geht der Blog laut Titel von 2010 bis 2013<br \/>und alle Posts von vorher die hier noch sind,<br \/>k\u00f6nnt ihr als meine pers\u00f6nlichen Lieblinge sehen,<br \/>von dem was ich in den letzten Jahren geschrieben <br \/>habe. Das Design hat sich im Ma\u00dfe meiner M\u00f6glichkeiten<br \/>ein bisschen gewandelt, ich hoffe zum besseren.<\/p>\n<p>Vielen Dank an dieser Stelle an Anne f\u00fcr die Vollendung<br \/>des Wappens, ich finde es ist toll geworden!<\/p>\n<p>\u00dcber Kommentare freue ich mich immer, <br \/>ansonsten w\u00fcnsche ich allen die das hier lesen ein<br \/>sch\u00f6nes weiteres 2010, vielleicht sieht man sich<br \/>ja mal auf einem Poetry Slam, oder wo auch immer<br \/>es mich in den n\u00e4chsten Monaten und Jahren hinverschl\u00e4gt.<\/p>\n<p>Gr\u00fc\u00dfe<br \/>Larry deVito<br \/>&#8211; www.larrydevito.de &#8211;<\/p>\n","protected":false},"excerpt":{"rendered":"<p>Einen wundersch\u00f6nen guten Abend,der Blog hat sein Antlitz ein wenig ver\u00e4ndert,und viele Texte und Gedichte sind verschwunden. Wie kommt das nur? Der Blog hat mich durch die Jahre von 2007 biszum M\u00e4rz 2010 in seiner alten Form durch H\u00f6hen,Tiefen und noch mehr H\u00f6hen begleitet und da bin ich auch sehr froh dr\u00fcber, nun istallerdings Zeit &hellip; <\/p>\n<p class=\"link-more\"><a href=\"https:\/\/www.arno-wilhelm.de\/?p=277\" class=\"more-link\"><span class=\"screen-reader-text\">\u201eIn eigener Sache (2)\u201c<\/span> weiterlesen<\/a><\/p>\n","protected":false},"author":1,"featured_media":0,"comment_status":"open","ping_status":"open","sticky":false,"template":"","format":"standard","meta":{"footnotes":""},"categories":[290],"tags":[],"class_list":["post-277","post","type-post","status-publish","format-standard","hentry","category-www-larrydevito-de"],"_links":{"self":[{"href":"https:\/\/www.arno-wilhelm.de\/index.php?rest_route=\/wp\/v2\/posts\/277","targetHints":{"allow":["GET"]}}],"collection":[{"href":"https:\/\/www.arno-wilhelm.de\/index.php?rest_route=\/wp\/v2\/posts"}],"about":[{"href":"https:\/\/www.arno-wilhelm.de\/index.php?rest_route=\/wp\/v2\/types\/post"}],"author":[{"embeddable":true,"href":"https:\/\/www.arno-wilhelm.de\/index.php?rest_route=\/wp\/v2\/users\/1"}],"replies":[{"embeddable":true,"href":"https:\/\/www.arno-wilhelm.de\/index.php?rest_route=%2Fwp%2Fv2%2Fcomments&post=277"}],"version-history":[{"count":0,"href":"https:\/\/www.arno-wilhelm.de\/index.php?rest_route=\/wp\/v2\/posts\/277\/revisions"}],"wp:attachment":[{"href":"https:\/\/www.arno-wilhelm.de\/index.php?rest_route=%2Fwp%2Fv2%2Fmedia&parent=277"}],"wp:term":[{"taxonomy":"category","embeddable":true,"href":"https:\/\/www.arno-wilhelm.de\/index.php?rest_route=%2Fwp%2Fv2%2Fcategories&post=277"},{"taxonomy":"post_tag","embeddable":true,"href":"https:\/\/www.arno-wilhelm.de\/index.php?rest_route=%2Fwp%2Fv2%2Ftags&post=277"}],"curies":[{"name":"wp","href":"https:\/\/api.w.org\/{rel}","templated":true}]}}