{"id":273,"date":"2010-04-22T13:34:00","date_gmt":"2010-04-22T11:34:00","guid":{"rendered":"http:\/\/arnowilhelm.wordpress.com\/2010\/04\/22\/gedichte-22"},"modified":"2010-04-22T13:34:00","modified_gmt":"2010-04-22T11:34:00","slug":"gedichte-22","status":"publish","type":"post","link":"https:\/\/www.arno-wilhelm.de\/?p=273","title":{"rendered":"Gedichte (22)"},"content":{"rendered":"<p>Tag der Arbeit<\/p>\n<p>Der 1.Mai, die Hauptstadt brennt,<br \/>Eine Strassenschlacht die sich Demo nennt,<\/p>\n<p>Wer weiss es, warum wir hier demonstrieren?<br \/>Ein Feiertag zum Bullen schikanieren?<br \/>Steine werfen, Mollis schmeissen,<br \/>Sich im Fleisch des Staats verbeissen<\/p>\n<p>Ein politisches Ideal, zum Event verkommen,<br \/>Der linke Gedanke l\u00e4ngst zerronnen,<br \/>Eine Demo, auf der mancher noch die alten S\u00e4tze br\u00fcllt,<br \/>Ein Tag der Arbeit, der kaum noch seinen Zweck erf\u00fcllt,<\/p>\n<p>Linke und rechte Gewalt wird schon heute gleichgesetzt,<br \/>Von Jahr zu Jahr werden mehr Leute verletzt,<br \/>Keine Besinnung zur\u00fcck zur Politik,<br \/>Nur noch Touristen und das Spiel vom Krieg,<\/p>\n<p>Da stehen sie nun aufgestellt,<br \/>Kurz bevor der Startschuss f\u00e4llt,<br \/>Polizei und Demonstranten,<br \/>Zur Schachpartie der Militanten,<\/p>\n<p>Der schwarze Block zieht los,<br \/>Hin zu den uniformierten Reihen,<br \/>Wer hier noch weiss wof\u00fcr er k\u00e4mpft,<br \/>Werfe den ersten Stein.<\/p>\n","protected":false},"excerpt":{"rendered":"<p>Tag der Arbeit Der 1.Mai, die Hauptstadt brennt,Eine Strassenschlacht die sich Demo nennt, Wer weiss es, warum wir hier demonstrieren?Ein Feiertag zum Bullen schikanieren?Steine werfen, Mollis schmeissen,Sich im Fleisch des Staats verbeissen Ein politisches Ideal, zum Event verkommen,Der linke Gedanke l\u00e4ngst zerronnen,Eine Demo, auf der mancher noch die alten S\u00e4tze br\u00fcllt,Ein Tag der Arbeit, der &hellip; <\/p>\n<p class=\"link-more\"><a href=\"https:\/\/www.arno-wilhelm.de\/?p=273\" class=\"more-link\"><span class=\"screen-reader-text\">\u201eGedichte (22)\u201c<\/span> weiterlesen<\/a><\/p>\n","protected":false},"author":1,"featured_media":0,"comment_status":"open","ping_status":"open","sticky":false,"template":"","format":"standard","meta":{"footnotes":""},"categories":[9],"tags":[],"class_list":["post-273","post","type-post","status-publish","format-standard","hentry","category-allgemein"],"_links":{"self":[{"href":"https:\/\/www.arno-wilhelm.de\/index.php?rest_route=\/wp\/v2\/posts\/273","targetHints":{"allow":["GET"]}}],"collection":[{"href":"https:\/\/www.arno-wilhelm.de\/index.php?rest_route=\/wp\/v2\/posts"}],"about":[{"href":"https:\/\/www.arno-wilhelm.de\/index.php?rest_route=\/wp\/v2\/types\/post"}],"author":[{"embeddable":true,"href":"https:\/\/www.arno-wilhelm.de\/index.php?rest_route=\/wp\/v2\/users\/1"}],"replies":[{"embeddable":true,"href":"https:\/\/www.arno-wilhelm.de\/index.php?rest_route=%2Fwp%2Fv2%2Fcomments&post=273"}],"version-history":[{"count":0,"href":"https:\/\/www.arno-wilhelm.de\/index.php?rest_route=\/wp\/v2\/posts\/273\/revisions"}],"wp:attachment":[{"href":"https:\/\/www.arno-wilhelm.de\/index.php?rest_route=%2Fwp%2Fv2%2Fmedia&parent=273"}],"wp:term":[{"taxonomy":"category","embeddable":true,"href":"https:\/\/www.arno-wilhelm.de\/index.php?rest_route=%2Fwp%2Fv2%2Fcategories&post=273"},{"taxonomy":"post_tag","embeddable":true,"href":"https:\/\/www.arno-wilhelm.de\/index.php?rest_route=%2Fwp%2Fv2%2Ftags&post=273"}],"curies":[{"name":"wp","href":"https:\/\/api.w.org\/{rel}","templated":true}]}}