{"id":269,"date":"2010-05-20T18:58:00","date_gmt":"2010-05-20T16:58:00","guid":{"rendered":"http:\/\/arnowilhelm.wordpress.com\/2010\/05\/20\/termine-1"},"modified":"2010-05-20T18:58:00","modified_gmt":"2010-05-20T16:58:00","slug":"termine-1","status":"publish","type":"post","link":"https:\/\/www.arno-wilhelm.de\/?p=269","title":{"rendered":"Termine (1)"},"content":{"rendered":"<p>Einen wundersch\u00f6nen guten Abend,<\/p>\n<p>ich wollte nur mitteilen dass ich am 12.Juni beim Sommersalon<br \/>des Thurneysser-Verlags Berlin lesen werde, zusammen mit mehreren<br \/>anderen Autoren, Dichtern, etc (u.a. Hans-Joachim Beeskow, Barbara Blum, Horst Dahm, Elke H\u00fcbener-Lipkau, Alfred Quiring, Timm Retter, Kurt Tackmann).<\/p>\n<p>Das Spektakel geht von 16-20 Uhr und findet in der alten Klosterkirchenruine in Mitte<br \/>statt, U-Bhf Klosterstra\u00dfe. Ich w\u00fcrde mich sehr freuen wenn ihr kommt, der Eintritt betr\u00e4gt 2,- Euro.<\/p>\n<p>Bei diesem Verlag, dem Leonhard-Thurneysser-Verlag Berlin &amp; Basel wird Ende des Jahres auch ein Buch mit Gedichten von mir erscheinen, aber dazu in ein paar Wochen mehr&#8230;<\/p>\n<p>Beste Gr\u00fc\u00dfe<br \/>Larry deVito<\/p>\n","protected":false},"excerpt":{"rendered":"<p>Einen wundersch\u00f6nen guten Abend, ich wollte nur mitteilen dass ich am 12.Juni beim Sommersalondes Thurneysser-Verlags Berlin lesen werde, zusammen mit mehrerenanderen Autoren, Dichtern, etc (u.a. Hans-Joachim Beeskow, Barbara Blum, Horst Dahm, Elke H\u00fcbener-Lipkau, Alfred Quiring, Timm Retter, Kurt Tackmann). Das Spektakel geht von 16-20 Uhr und findet in der alten Klosterkirchenruine in Mittestatt, U-Bhf Klosterstra\u00dfe. &hellip; <\/p>\n<p class=\"link-more\"><a href=\"https:\/\/www.arno-wilhelm.de\/?p=269\" class=\"more-link\"><span class=\"screen-reader-text\">\u201eTermine (1)\u201c<\/span> weiterlesen<\/a><\/p>\n","protected":false},"author":1,"featured_media":0,"comment_status":"open","ping_status":"open","sticky":false,"template":"","format":"standard","meta":{"footnotes":""},"categories":[160,252,258,290],"tags":[],"class_list":["post-269","post","type-post","status-publish","format-standard","hentry","category-leonhard-thurneysser-verlag","category-termine","category-thurneysser","category-www-larrydevito-de"],"_links":{"self":[{"href":"https:\/\/www.arno-wilhelm.de\/index.php?rest_route=\/wp\/v2\/posts\/269","targetHints":{"allow":["GET"]}}],"collection":[{"href":"https:\/\/www.arno-wilhelm.de\/index.php?rest_route=\/wp\/v2\/posts"}],"about":[{"href":"https:\/\/www.arno-wilhelm.de\/index.php?rest_route=\/wp\/v2\/types\/post"}],"author":[{"embeddable":true,"href":"https:\/\/www.arno-wilhelm.de\/index.php?rest_route=\/wp\/v2\/users\/1"}],"replies":[{"embeddable":true,"href":"https:\/\/www.arno-wilhelm.de\/index.php?rest_route=%2Fwp%2Fv2%2Fcomments&post=269"}],"version-history":[{"count":0,"href":"https:\/\/www.arno-wilhelm.de\/index.php?rest_route=\/wp\/v2\/posts\/269\/revisions"}],"wp:attachment":[{"href":"https:\/\/www.arno-wilhelm.de\/index.php?rest_route=%2Fwp%2Fv2%2Fmedia&parent=269"}],"wp:term":[{"taxonomy":"category","embeddable":true,"href":"https:\/\/www.arno-wilhelm.de\/index.php?rest_route=%2Fwp%2Fv2%2Fcategories&post=269"},{"taxonomy":"post_tag","embeddable":true,"href":"https:\/\/www.arno-wilhelm.de\/index.php?rest_route=%2Fwp%2Fv2%2Ftags&post=269"}],"curies":[{"name":"wp","href":"https:\/\/api.w.org\/{rel}","templated":true}]}}