{"id":250,"date":"2010-07-08T21:25:00","date_gmt":"2010-07-08T19:25:00","guid":{"rendered":"http:\/\/arnowilhelm.wordpress.com\/2010\/07\/08\/gedichte-39"},"modified":"2010-07-08T21:25:00","modified_gmt":"2010-07-08T19:25:00","slug":"gedichte-39","status":"publish","type":"post","link":"https:\/\/www.arno-wilhelm.de\/?p=250","title":{"rendered":"Gedichte (39)"},"content":{"rendered":"<p>So, mit dem heutigen Tag endet die Reihe, die inzwischen fest den Titel &#8218;Genesungslyrik&#8216; bekommen hat. Morgen werde ich erfreulicherweise entlassen. Ein paar der Gedichte werden wohl auch den Weg ins Buch finden, das an Weihnachten 2010 erscheint. Jetzt wird die Rate an Postings auch wieder etwas abflachen, ich w\u00fcnsche derweil Spa\u00df mit dem letzten Gedicht aus dem Herzen eines Klinikums in der sch\u00f6nen Hauptstadt&#8230;<\/p>\n<p>Gru\u00df<br \/>Larry de Vito<\/p>\n<p>Ungerecht<\/p>\n<p>Mancher Menschen Seelenleben<br \/>ist so h\u00e4sslich wie ihr Streben<br \/>nach Ruhm und Prunk und alledem<br \/>doch sie haben es bequem<\/p>\n<p>Und liebe Menschen liegen hier<br \/>nach gut gef\u00fchrten, kurzen Leben<br \/>dem Ende nah, die Lippen beben<br \/>steter Zweifel nagt an mir<\/p>\n<p>es liegt nicht an mir zu richten<br \/>alles was ich darf ist dichten<br \/>so vieles ist hier ungerecht<br \/>ich glaub manchmal, <br \/>die Welt ist schlecht<\/p>\n","protected":false},"excerpt":{"rendered":"<p>So, mit dem heutigen Tag endet die Reihe, die inzwischen fest den Titel &#8218;Genesungslyrik&#8216; bekommen hat. Morgen werde ich erfreulicherweise entlassen. Ein paar der Gedichte werden wohl auch den Weg ins Buch finden, das an Weihnachten 2010 erscheint. Jetzt wird die Rate an Postings auch wieder etwas abflachen, ich w\u00fcnsche derweil Spa\u00df mit dem letzten &hellip; <\/p>\n<p class=\"link-more\"><a href=\"https:\/\/www.arno-wilhelm.de\/?p=250\" class=\"more-link\"><span class=\"screen-reader-text\">\u201eGedichte (39)\u201c<\/span> weiterlesen<\/a><\/p>\n","protected":false},"author":1,"featured_media":0,"comment_status":"open","ping_status":"open","sticky":false,"template":"","format":"standard","meta":{"footnotes":""},"categories":[109,290],"tags":[],"class_list":["post-250","post","type-post","status-publish","format-standard","hentry","category-genesungslyrik","category-www-larrydevito-de"],"_links":{"self":[{"href":"https:\/\/www.arno-wilhelm.de\/index.php?rest_route=\/wp\/v2\/posts\/250","targetHints":{"allow":["GET"]}}],"collection":[{"href":"https:\/\/www.arno-wilhelm.de\/index.php?rest_route=\/wp\/v2\/posts"}],"about":[{"href":"https:\/\/www.arno-wilhelm.de\/index.php?rest_route=\/wp\/v2\/types\/post"}],"author":[{"embeddable":true,"href":"https:\/\/www.arno-wilhelm.de\/index.php?rest_route=\/wp\/v2\/users\/1"}],"replies":[{"embeddable":true,"href":"https:\/\/www.arno-wilhelm.de\/index.php?rest_route=%2Fwp%2Fv2%2Fcomments&post=250"}],"version-history":[{"count":0,"href":"https:\/\/www.arno-wilhelm.de\/index.php?rest_route=\/wp\/v2\/posts\/250\/revisions"}],"wp:attachment":[{"href":"https:\/\/www.arno-wilhelm.de\/index.php?rest_route=%2Fwp%2Fv2%2Fmedia&parent=250"}],"wp:term":[{"taxonomy":"category","embeddable":true,"href":"https:\/\/www.arno-wilhelm.de\/index.php?rest_route=%2Fwp%2Fv2%2Fcategories&post=250"},{"taxonomy":"post_tag","embeddable":true,"href":"https:\/\/www.arno-wilhelm.de\/index.php?rest_route=%2Fwp%2Fv2%2Ftags&post=250"}],"curies":[{"name":"wp","href":"https:\/\/api.w.org\/{rel}","templated":true}]}}