{"id":246,"date":"2010-08-06T12:29:00","date_gmt":"2010-08-06T10:29:00","guid":{"rendered":"http:\/\/arnowilhelm.wordpress.com\/2010\/08\/06\/gedichte-41"},"modified":"2010-08-06T12:29:00","modified_gmt":"2010-08-06T10:29:00","slug":"gedichte-41","status":"publish","type":"post","link":"https:\/\/www.arno-wilhelm.de\/?p=246","title":{"rendered":"Gedichte (41)"},"content":{"rendered":"<p>Momentan passiert hier leider recht wenig weil ich gerade durch&#8217;s Land reise und nicht so viel Zeit finde meine Gedanken zu Papier zu bringen. Dieser Vierzeiler kam mir neulich an einem geistig sehr regnerischen Tag in den Sinn.<br \/>Ich w\u00fcnsche einen sch\u00f6nen August!<\/p>\n<p>Gr\u00fc\u00dfe<\/p>\n<p>Larry deVito<\/p>\n<p>Ich gehe Tag f\u00fcr Tag ein St\u00fcck<\/p>\n<p>Und wenn ich aufh\u00f6re zu l\u00fcgen<br \/>mein kleines Ich selbst zu betr\u00fcgen<br \/>bemerke ich stets dann und wann<br \/>dass ich die Welt nicht leiden kann<\/p>\n","protected":false},"excerpt":{"rendered":"<p>Momentan passiert hier leider recht wenig weil ich gerade durch&#8217;s Land reise und nicht so viel Zeit finde meine Gedanken zu Papier zu bringen. Dieser Vierzeiler kam mir neulich an einem geistig sehr regnerischen Tag in den Sinn.Ich w\u00fcnsche einen sch\u00f6nen August! Gr\u00fc\u00dfe Larry deVito Ich gehe Tag f\u00fcr Tag ein St\u00fcck Und wenn ich &hellip; <\/p>\n<p class=\"link-more\"><a href=\"https:\/\/www.arno-wilhelm.de\/?p=246\" class=\"more-link\"><span class=\"screen-reader-text\">\u201eGedichte (41)\u201c<\/span> weiterlesen<\/a><\/p>\n","protected":false},"author":1,"featured_media":0,"comment_status":"open","ping_status":"open","sticky":false,"template":"","format":"standard","meta":{"footnotes":""},"categories":[9],"tags":[],"class_list":["post-246","post","type-post","status-publish","format-standard","hentry","category-allgemein"],"_links":{"self":[{"href":"https:\/\/www.arno-wilhelm.de\/index.php?rest_route=\/wp\/v2\/posts\/246","targetHints":{"allow":["GET"]}}],"collection":[{"href":"https:\/\/www.arno-wilhelm.de\/index.php?rest_route=\/wp\/v2\/posts"}],"about":[{"href":"https:\/\/www.arno-wilhelm.de\/index.php?rest_route=\/wp\/v2\/types\/post"}],"author":[{"embeddable":true,"href":"https:\/\/www.arno-wilhelm.de\/index.php?rest_route=\/wp\/v2\/users\/1"}],"replies":[{"embeddable":true,"href":"https:\/\/www.arno-wilhelm.de\/index.php?rest_route=%2Fwp%2Fv2%2Fcomments&post=246"}],"version-history":[{"count":0,"href":"https:\/\/www.arno-wilhelm.de\/index.php?rest_route=\/wp\/v2\/posts\/246\/revisions"}],"wp:attachment":[{"href":"https:\/\/www.arno-wilhelm.de\/index.php?rest_route=%2Fwp%2Fv2%2Fmedia&parent=246"}],"wp:term":[{"taxonomy":"category","embeddable":true,"href":"https:\/\/www.arno-wilhelm.de\/index.php?rest_route=%2Fwp%2Fv2%2Fcategories&post=246"},{"taxonomy":"post_tag","embeddable":true,"href":"https:\/\/www.arno-wilhelm.de\/index.php?rest_route=%2Fwp%2Fv2%2Ftags&post=246"}],"curies":[{"name":"wp","href":"https:\/\/api.w.org\/{rel}","templated":true}]}}