{"id":240,"date":"2010-09-29T15:20:00","date_gmt":"2010-09-29T13:20:00","guid":{"rendered":"http:\/\/arnowilhelm.wordpress.com\/2010\/09\/29\/gedichte-45"},"modified":"2010-09-29T15:20:00","modified_gmt":"2010-09-29T13:20:00","slug":"gedichte-45","status":"publish","type":"post","link":"https:\/\/www.arno-wilhelm.de\/?p=240","title":{"rendered":"Gedichte (45)"},"content":{"rendered":"<p>Der letzte Tag des Sommers<\/p>\n<p>Die Stille, sie umf\u00e4ngt mich vollkommen<br \/>Des Sommers letzter Tag schickt sich an zu vergehen<br \/>Der Kinder Lachen im Freibad ist verklungen<br \/>Die sp\u00e4ten Sonnenstrahlen verschwinden ungesehen<br \/>Nun werden wieder viele dunkle Tage folgen<br \/>Bl\u00e4tter fallen von den B\u00e4umen und des Winters wei\u00dfes Kleid<br \/>Beschwert die Zeit und l\u00e4sst sie kaum verstreichen<br \/>Sonne, bitte reich mir noch mehr Stunden, ich bin noch nicht so weit<\/p>\n<p>Doch ich vermag es nicht, dem Sommer zu befehlen<br \/>In kalten Zeiten wachsen Leid und Trauer statt Fr\u00f6hlichkeit und Gl\u00fcck<br \/>Wird werden die kalten Tage ein weiteres Mal \u00fcberdauern<br \/>Dann kehrt des Sommers Glanz zu uns zur\u00fcck<\/p>\n","protected":false},"excerpt":{"rendered":"<p>Der letzte Tag des Sommers Die Stille, sie umf\u00e4ngt mich vollkommenDes Sommers letzter Tag schickt sich an zu vergehenDer Kinder Lachen im Freibad ist verklungenDie sp\u00e4ten Sonnenstrahlen verschwinden ungesehenNun werden wieder viele dunkle Tage folgenBl\u00e4tter fallen von den B\u00e4umen und des Winters wei\u00dfes KleidBeschwert die Zeit und l\u00e4sst sie kaum verstreichenSonne, bitte reich mir noch &hellip; <\/p>\n<p class=\"link-more\"><a href=\"https:\/\/www.arno-wilhelm.de\/?p=240\" class=\"more-link\"><span class=\"screen-reader-text\">\u201eGedichte (45)\u201c<\/span> weiterlesen<\/a><\/p>\n","protected":false},"author":1,"featured_media":0,"comment_status":"open","ping_status":"open","sticky":false,"template":"","format":"standard","meta":{"footnotes":""},"categories":[9],"tags":[],"class_list":["post-240","post","type-post","status-publish","format-standard","hentry","category-allgemein"],"_links":{"self":[{"href":"https:\/\/www.arno-wilhelm.de\/index.php?rest_route=\/wp\/v2\/posts\/240","targetHints":{"allow":["GET"]}}],"collection":[{"href":"https:\/\/www.arno-wilhelm.de\/index.php?rest_route=\/wp\/v2\/posts"}],"about":[{"href":"https:\/\/www.arno-wilhelm.de\/index.php?rest_route=\/wp\/v2\/types\/post"}],"author":[{"embeddable":true,"href":"https:\/\/www.arno-wilhelm.de\/index.php?rest_route=\/wp\/v2\/users\/1"}],"replies":[{"embeddable":true,"href":"https:\/\/www.arno-wilhelm.de\/index.php?rest_route=%2Fwp%2Fv2%2Fcomments&post=240"}],"version-history":[{"count":0,"href":"https:\/\/www.arno-wilhelm.de\/index.php?rest_route=\/wp\/v2\/posts\/240\/revisions"}],"wp:attachment":[{"href":"https:\/\/www.arno-wilhelm.de\/index.php?rest_route=%2Fwp%2Fv2%2Fmedia&parent=240"}],"wp:term":[{"taxonomy":"category","embeddable":true,"href":"https:\/\/www.arno-wilhelm.de\/index.php?rest_route=%2Fwp%2Fv2%2Fcategories&post=240"},{"taxonomy":"post_tag","embeddable":true,"href":"https:\/\/www.arno-wilhelm.de\/index.php?rest_route=%2Fwp%2Fv2%2Ftags&post=240"}],"curies":[{"name":"wp","href":"https:\/\/api.w.org\/{rel}","templated":true}]}}