{"id":229,"date":"2010-11-15T22:21:00","date_gmt":"2010-11-15T21:21:00","guid":{"rendered":"http:\/\/arnowilhelm.wordpress.com\/2010\/11\/15\/gedichte-53"},"modified":"2010-11-15T22:21:00","modified_gmt":"2010-11-15T21:21:00","slug":"gedichte-53","status":"publish","type":"post","link":"https:\/\/www.arno-wilhelm.de\/?p=229","title":{"rendered":"Gedichte (53)"},"content":{"rendered":"<p>Ein relativ neues Gedicht, das allerdings eher noch eine Rohfassung ist. Ich werde wohl wenn der <a href=\"http:\/\/www.nanowrimo.org\/\">NaNoWriMo<\/a>, an dem ich teilnehme, vorbei ist, noch ein wenig daran weiterschreiben. F\u00fcrs erste dachte ich mir, ich gebe euch mal einen Einblick, was ich momentan so tue.<\/p>\n<p>Ich w\u00fcnsche einen wundersch\u00f6nen Abend<\/p>\n<p>Gr\u00fc\u00dfe<br \/>Larry<\/p>\n<p>Darf ich bitten?<\/p>\n<p>Oh Prinzessin, euer Gnaden, <br \/>d\u00fcrfte ich es wagen<br \/>euch hier und heute einzuladen, <br \/>zu mir in meine Welt<br \/>hab mich noch gar nicht vorstellt:<\/p>\n<p>wie ihr, euer Hochw\u00fcrden seht,<br \/>man nennt mich zu Lande und zu Wasser <br \/>stets die Realit\u00e4t<\/p>\n<p>Darf ich euch Vaters Schutz entreissen?<br \/>eure Glashauswelt einschmeissen,<br \/>von Gottes Gnaden euch entzweien<br \/>von Geburtenrecht und Sippschaft euch befreien?<\/p>\n<p>euch Leiden, Armut, Krankheit pr\u00e4sentieren<br \/>und euch aufs Brote schmieren<br \/>auf welch hohem Ross ihr lebt<br \/>und dummem Ziel entgegen strebt<\/p>\n<p>Schickimicki, sch\u00f6ne Leiber,<br \/>geistesarme, stupfe Weiber<br \/>euch w\u00fcrd ich nicht im Traum anfassen,<br \/>seid nicht mal wert, euch eucht zu hassen<br \/>drum werd die Finger ich weg lassen<\/p>\n<p>ihr werdet es doch nie verstehen,<br \/>was ich geh\u00f6rt, gelebt, gesehen<br \/>so geht dahin und lebt in Frieden<br \/>bin von euch im Geist geschieden<br \/>darum werdet ihr gemieden<\/p>\n<p>m\u00f6gt ihr auch so viel Pl\u00e4ne schmieden<br \/>ws ihr f\u00fcr tolle Leben lebt<br \/>manch hohes Ziel ward angestrebt<\/p>\n<p>doch auf den Grabstein wird geschrieben:<br \/>Dumm geboren &#8211; und ist&#8217;s geblieben<\/p>\n","protected":false},"excerpt":{"rendered":"<p>Ein relativ neues Gedicht, das allerdings eher noch eine Rohfassung ist. Ich werde wohl wenn der NaNoWriMo, an dem ich teilnehme, vorbei ist, noch ein wenig daran weiterschreiben. F\u00fcrs erste dachte ich mir, ich gebe euch mal einen Einblick, was ich momentan so tue. Ich w\u00fcnsche einen wundersch\u00f6nen Abend Gr\u00fc\u00dfeLarry Darf ich bitten? Oh Prinzessin, &hellip; <\/p>\n<p class=\"link-more\"><a href=\"https:\/\/www.arno-wilhelm.de\/?p=229\" class=\"more-link\"><span class=\"screen-reader-text\">\u201eGedichte (53)\u201c<\/span> weiterlesen<\/a><\/p>\n","protected":false},"author":1,"featured_media":0,"comment_status":"open","ping_status":"open","sticky":false,"template":"","format":"standard","meta":{"footnotes":""},"categories":[106,290],"tags":[],"class_list":["post-229","post","type-post","status-publish","format-standard","hentry","category-gedichte","category-www-larrydevito-de"],"_links":{"self":[{"href":"https:\/\/www.arno-wilhelm.de\/index.php?rest_route=\/wp\/v2\/posts\/229","targetHints":{"allow":["GET"]}}],"collection":[{"href":"https:\/\/www.arno-wilhelm.de\/index.php?rest_route=\/wp\/v2\/posts"}],"about":[{"href":"https:\/\/www.arno-wilhelm.de\/index.php?rest_route=\/wp\/v2\/types\/post"}],"author":[{"embeddable":true,"href":"https:\/\/www.arno-wilhelm.de\/index.php?rest_route=\/wp\/v2\/users\/1"}],"replies":[{"embeddable":true,"href":"https:\/\/www.arno-wilhelm.de\/index.php?rest_route=%2Fwp%2Fv2%2Fcomments&post=229"}],"version-history":[{"count":0,"href":"https:\/\/www.arno-wilhelm.de\/index.php?rest_route=\/wp\/v2\/posts\/229\/revisions"}],"wp:attachment":[{"href":"https:\/\/www.arno-wilhelm.de\/index.php?rest_route=%2Fwp%2Fv2%2Fmedia&parent=229"}],"wp:term":[{"taxonomy":"category","embeddable":true,"href":"https:\/\/www.arno-wilhelm.de\/index.php?rest_route=%2Fwp%2Fv2%2Fcategories&post=229"},{"taxonomy":"post_tag","embeddable":true,"href":"https:\/\/www.arno-wilhelm.de\/index.php?rest_route=%2Fwp%2Fv2%2Ftags&post=229"}],"curies":[{"name":"wp","href":"https:\/\/api.w.org\/{rel}","templated":true}]}}