{"id":220,"date":"2010-12-02T13:37:00","date_gmt":"2010-12-02T12:37:00","guid":{"rendered":"http:\/\/arnowilhelm.wordpress.com\/2010\/12\/02\/termine-3"},"modified":"2010-12-02T13:37:00","modified_gmt":"2010-12-02T12:37:00","slug":"termine-3","status":"publish","type":"post","link":"https:\/\/www.arno-wilhelm.de\/?p=220","title":{"rendered":"Termine (3)"},"content":{"rendered":"<p>Einen wundersch\u00f6nen guten Tag,<\/p>\n<p>es ist furchtbar kalt draussen, darum muss man sich wenigstens die Stunden drinnen vers\u00fc\u00dfen. Darum habe ich heute immerhin gleich zwei Ank\u00fcndigungen:<\/p>\n<p>Zum einen findet, am Samstag den 11.Dezember ab 16 Uhr, im <a href=\"http:\/\/www.klub103-5.de\/Programmvorschau.htm\">Klub 103,5<\/a> in K\u00f6penick, der &#8222;Thurneysser-Wintersalon&#8220; statt, bei dem diverse Autoren des Leonhard-Thurneysser-Verlages lesen werden. Meine Wenigkeit wird darunter auch 5 &#8211; 10 Minuten vertreten sein. <\/p>\n<p>Zum anderen organisiere ich unter dem Namen <a href=\"http:\/\/dichtungsring.wordpress.com\" target=\"_blank\">Dichtungsring<\/a> eine Leseb\u00fchne f\u00fcr Lyrik die ab Februar 2011 m\u00f6glichst alle zwei Monate im Laika in Neuk\u00f6lln stattfinden soll. Ich finde, dass Lyrik auch ruhig Spa\u00df machen darf und hoffe das mit den Veranstaltungen auch r\u00fcberbringen zu k\u00f6nnen. <br \/>Beim ersten Mal am 8.Februar werden Matthias Niklas, Josefine Berkholz, Jan Koch und ich lesen, wobei Jan Koch auch f\u00fcr ein wenig musikalisches Zwischenspiel sorgt. Wenn der Termin n\u00e4herr\u00fcckt, schreibe ich hier nochmal mehr dazu.<\/p>\n<p>Jetzt w\u00fcnsche ich erstmal allerseits viel Gl\u00fchwein, w\u00e4rmende Decken und am Besten w\u00e4rmende Menschen f\u00fcr die Wintermonate<\/p>\n<p>Gr\u00fc\u00dfe<\/p>\n<p>Larry deVito<\/p>\n","protected":false},"excerpt":{"rendered":"<p>Einen wundersch\u00f6nen guten Tag, es ist furchtbar kalt draussen, darum muss man sich wenigstens die Stunden drinnen vers\u00fc\u00dfen. Darum habe ich heute immerhin gleich zwei Ank\u00fcndigungen: Zum einen findet, am Samstag den 11.Dezember ab 16 Uhr, im Klub 103,5 in K\u00f6penick, der &#8222;Thurneysser-Wintersalon&#8220; statt, bei dem diverse Autoren des Leonhard-Thurneysser-Verlages lesen werden. Meine Wenigkeit wird &hellip; <\/p>\n<p class=\"link-more\"><a href=\"https:\/\/www.arno-wilhelm.de\/?p=220\" class=\"more-link\"><span class=\"screen-reader-text\">\u201eTermine (3)\u201c<\/span> weiterlesen<\/a><\/p>\n","protected":false},"author":1,"featured_media":0,"comment_status":"open","ping_status":"open","sticky":false,"template":"","format":"standard","meta":{"footnotes":""},"categories":[67,229,252,258],"tags":[],"class_list":["post-220","post","type-post","status-publish","format-standard","hentry","category-dichtungsring","category-schlicht-und-ergreifend","category-termine","category-thurneysser"],"_links":{"self":[{"href":"https:\/\/www.arno-wilhelm.de\/index.php?rest_route=\/wp\/v2\/posts\/220","targetHints":{"allow":["GET"]}}],"collection":[{"href":"https:\/\/www.arno-wilhelm.de\/index.php?rest_route=\/wp\/v2\/posts"}],"about":[{"href":"https:\/\/www.arno-wilhelm.de\/index.php?rest_route=\/wp\/v2\/types\/post"}],"author":[{"embeddable":true,"href":"https:\/\/www.arno-wilhelm.de\/index.php?rest_route=\/wp\/v2\/users\/1"}],"replies":[{"embeddable":true,"href":"https:\/\/www.arno-wilhelm.de\/index.php?rest_route=%2Fwp%2Fv2%2Fcomments&post=220"}],"version-history":[{"count":0,"href":"https:\/\/www.arno-wilhelm.de\/index.php?rest_route=\/wp\/v2\/posts\/220\/revisions"}],"wp:attachment":[{"href":"https:\/\/www.arno-wilhelm.de\/index.php?rest_route=%2Fwp%2Fv2%2Fmedia&parent=220"}],"wp:term":[{"taxonomy":"category","embeddable":true,"href":"https:\/\/www.arno-wilhelm.de\/index.php?rest_route=%2Fwp%2Fv2%2Fcategories&post=220"},{"taxonomy":"post_tag","embeddable":true,"href":"https:\/\/www.arno-wilhelm.de\/index.php?rest_route=%2Fwp%2Fv2%2Ftags&post=220"}],"curies":[{"name":"wp","href":"https:\/\/api.w.org\/{rel}","templated":true}]}}