{"id":212,"date":"2011-01-28T14:35:00","date_gmt":"2011-01-28T13:35:00","guid":{"rendered":"http:\/\/arnowilhelm.wordpress.com\/2011\/01\/28\/in-eigener-sache3"},"modified":"2011-01-28T14:35:00","modified_gmt":"2011-01-28T13:35:00","slug":"in-eigener-sache3","status":"publish","type":"post","link":"https:\/\/www.arno-wilhelm.de\/?p=212","title":{"rendered":"In eigener Sache(3)"},"content":{"rendered":"<p>Einen wundersch\u00f6nen guten Tag,<br \/>ich wollte mal auf die neue Verlags-Homepage bzw. den neuen Shop meines Verlags hinweisen, \u00fcber den man jetzt auch mein Buch bestellen kann:<\/p>\n<p><a href=\"http:\/\/www.thurneysser-verlag.de\">www.thurneysser-verlag.de<\/a><\/p>\n<p>Ich w\u00fcnsche euch allen ein angenehmes Wochenende und hoffe, ich werde ein paar von den Gedichten an denen ich gerade schreibe in n\u00e4chster Zeit online stellen k\u00f6nnen.<\/p>\n<p>Gr\u00fc\u00dfe<br \/>Larry deVito<\/p>\n","protected":false},"excerpt":{"rendered":"<p>Einen wundersch\u00f6nen guten Tag,ich wollte mal auf die neue Verlags-Homepage bzw. den neuen Shop meines Verlags hinweisen, \u00fcber den man jetzt auch mein Buch bestellen kann: www.thurneysser-verlag.de Ich w\u00fcnsche euch allen ein angenehmes Wochenende und hoffe, ich werde ein paar von den Gedichten an denen ich gerade schreibe in n\u00e4chster Zeit online stellen k\u00f6nnen. Gr\u00fc\u00dfeLarry &hellip; <\/p>\n<p class=\"link-more\"><a href=\"https:\/\/www.arno-wilhelm.de\/?p=212\" class=\"more-link\"><span class=\"screen-reader-text\">\u201eIn eigener Sache(3)\u201c<\/span> weiterlesen<\/a><\/p>\n","protected":false},"author":1,"featured_media":0,"comment_status":"open","ping_status":"open","sticky":false,"template":"","format":"standard","meta":{"footnotes":""},"categories":[9],"tags":[],"class_list":["post-212","post","type-post","status-publish","format-standard","hentry","category-allgemein"],"_links":{"self":[{"href":"https:\/\/www.arno-wilhelm.de\/index.php?rest_route=\/wp\/v2\/posts\/212","targetHints":{"allow":["GET"]}}],"collection":[{"href":"https:\/\/www.arno-wilhelm.de\/index.php?rest_route=\/wp\/v2\/posts"}],"about":[{"href":"https:\/\/www.arno-wilhelm.de\/index.php?rest_route=\/wp\/v2\/types\/post"}],"author":[{"embeddable":true,"href":"https:\/\/www.arno-wilhelm.de\/index.php?rest_route=\/wp\/v2\/users\/1"}],"replies":[{"embeddable":true,"href":"https:\/\/www.arno-wilhelm.de\/index.php?rest_route=%2Fwp%2Fv2%2Fcomments&post=212"}],"version-history":[{"count":0,"href":"https:\/\/www.arno-wilhelm.de\/index.php?rest_route=\/wp\/v2\/posts\/212\/revisions"}],"wp:attachment":[{"href":"https:\/\/www.arno-wilhelm.de\/index.php?rest_route=%2Fwp%2Fv2%2Fmedia&parent=212"}],"wp:term":[{"taxonomy":"category","embeddable":true,"href":"https:\/\/www.arno-wilhelm.de\/index.php?rest_route=%2Fwp%2Fv2%2Fcategories&post=212"},{"taxonomy":"post_tag","embeddable":true,"href":"https:\/\/www.arno-wilhelm.de\/index.php?rest_route=%2Fwp%2Fv2%2Ftags&post=212"}],"curies":[{"name":"wp","href":"https:\/\/api.w.org\/{rel}","templated":true}]}}