{"id":206,"date":"2011-03-23T11:49:00","date_gmt":"2011-03-23T10:49:00","guid":{"rendered":"http:\/\/arnowilhelm.wordpress.com\/2011\/03\/23\/bewegte-bilder-3"},"modified":"2011-03-23T11:49:00","modified_gmt":"2011-03-23T10:49:00","slug":"bewegte-bilder-3","status":"publish","type":"post","link":"https:\/\/www.arno-wilhelm.de\/?p=206","title":{"rendered":"Bewegte Bilder (3)"},"content":{"rendered":"<p>Einen wundersch\u00f6nen guten Tag,<\/p>\n<p>die Arbeit an meinem neuen Buch geht gut voran, ich bin gespannt wann ich soweit bin, dass ich Ausz\u00fcge daraus online stellen kann. Vorher wollte ich euch aber noch auf etwas hinweisen:<\/p>\n<p>Unter <a href=\"http:\/\/videos.arte.tv\/de\/videos\/arno_wilhelm_2084-3760840.html\">diesem Link<\/a> kann man f\u00fcr mich beim Arte-Webslam abstimmen und ich w\u00fcrde mich sehr freuen wenn das der eine oder andere von euch tun w\u00fcrde.<\/p>\n<p>Inzwischen gibt es auch ein paar neue Gedichte von mir, also werden hier demn\u00e4chst auch mal wieder ein paar neue zu lesen sein.<\/p>\n<p>F\u00fchlt euch gegr\u00fc\u00dft<br \/>Larry deVito<\/p>\n","protected":false},"excerpt":{"rendered":"<p>Einen wundersch\u00f6nen guten Tag, die Arbeit an meinem neuen Buch geht gut voran, ich bin gespannt wann ich soweit bin, dass ich Ausz\u00fcge daraus online stellen kann. Vorher wollte ich euch aber noch auf etwas hinweisen: Unter diesem Link kann man f\u00fcr mich beim Arte-Webslam abstimmen und ich w\u00fcrde mich sehr freuen wenn das der &hellip; <\/p>\n<p class=\"link-more\"><a href=\"https:\/\/www.arno-wilhelm.de\/?p=206\" class=\"more-link\"><span class=\"screen-reader-text\">\u201eBewegte Bilder (3)\u201c<\/span> weiterlesen<\/a><\/p>\n","protected":false},"author":1,"featured_media":0,"comment_status":"open","ping_status":"open","sticky":false,"template":"","format":"standard","meta":{"footnotes":""},"categories":[2,21,22,151],"tags":[],"class_list":["post-206","post","type-post","status-publish","format-standard","hentry","category-2","category-arte","category-arte-webslam","category-larry-devito"],"_links":{"self":[{"href":"https:\/\/www.arno-wilhelm.de\/index.php?rest_route=\/wp\/v2\/posts\/206","targetHints":{"allow":["GET"]}}],"collection":[{"href":"https:\/\/www.arno-wilhelm.de\/index.php?rest_route=\/wp\/v2\/posts"}],"about":[{"href":"https:\/\/www.arno-wilhelm.de\/index.php?rest_route=\/wp\/v2\/types\/post"}],"author":[{"embeddable":true,"href":"https:\/\/www.arno-wilhelm.de\/index.php?rest_route=\/wp\/v2\/users\/1"}],"replies":[{"embeddable":true,"href":"https:\/\/www.arno-wilhelm.de\/index.php?rest_route=%2Fwp%2Fv2%2Fcomments&post=206"}],"version-history":[{"count":0,"href":"https:\/\/www.arno-wilhelm.de\/index.php?rest_route=\/wp\/v2\/posts\/206\/revisions"}],"wp:attachment":[{"href":"https:\/\/www.arno-wilhelm.de\/index.php?rest_route=%2Fwp%2Fv2%2Fmedia&parent=206"}],"wp:term":[{"taxonomy":"category","embeddable":true,"href":"https:\/\/www.arno-wilhelm.de\/index.php?rest_route=%2Fwp%2Fv2%2Fcategories&post=206"},{"taxonomy":"post_tag","embeddable":true,"href":"https:\/\/www.arno-wilhelm.de\/index.php?rest_route=%2Fwp%2Fv2%2Ftags&post=206"}],"curies":[{"name":"wp","href":"https:\/\/api.w.org\/{rel}","templated":true}]}}