{"id":200,"date":"2011-07-07T14:34:00","date_gmt":"2011-07-07T12:34:00","guid":{"rendered":"http:\/\/arnowilhelm.wordpress.com\/2011\/07\/07\/gedichte-69"},"modified":"2011-07-07T14:34:00","modified_gmt":"2011-07-07T12:34:00","slug":"gedichte-69","status":"publish","type":"post","link":"https:\/\/www.arno-wilhelm.de\/?p=200","title":{"rendered":"Gedichte (69)"},"content":{"rendered":"<p>Christian<\/p>\n<p>Ich glaube fast, du gehst jetzt besser<br \/>Die schauen schon ziemlich grimmig drein<br \/>Der Typ auf zw\u00f6lf Uhr h\u00e4lt ein Messer<br \/>Und setzt es sicher auch ganz gerne ein<\/p>\n<p>Vielleicht h\u00e4ttest du besser die Klappe gehalten<br \/>Ihm nicht gesagt was f\u00fcr ein Assi er ist<br \/>Jetzt will er dich zusammenfalten<br \/>Bis du blutbefleckt elend am Boden bist<br \/>Du hast ja schlie\u00dflich auch seine Mutter beleidigt<br \/>Und sein Ed-Hardy-Polo Shirt<br \/>Ihm gratuliert wie tapfer er seine Unschuld verteidigt<br \/>Ich glaube das hat ihn kurzzeitig verwirrt<\/p>\n<p>Die Frau da hinter dir scheint nachzudenken<br \/>Wo sie dir ihre High-Heels gleich hintreten will<br \/>An deiner Stelle h\u00e4tte ich langsam Bedenken<br \/>Dein Mundwerk steht einfach zu selten still<\/p>\n<p>Vielleicht h\u00e4ttest du besser die Klappe gehalten<br \/>Ihr nicht gesagt, wie fett sie doch ist<br \/>Jetzt will sie dir den Sch\u00e4del spalten<br \/>Bis du nur ein Haufen Vergangenheit bist<br \/>Musstest du wirklich die Schenkel anpreisen<br \/>100 Kilo h\u00e4tten sie das St\u00fcck<br \/>Und man k\u00f6nne die Armen der Welt davon speisen<br \/>Ich glaube sie kommt darauf nochmal zur\u00fcck<\/p>\n<p>Und so war\u2019s schon so oft<br \/>Doch mehr Gl\u00fcck als Verstand<br \/>Das  dann stets und unverhofft<br \/>An deiner Seite Stand<br \/>Brachte dich jedes Mal heil wieder heim<br \/>Doch ich sag es dir ehrlich:<br \/>Heut bist du allein<\/p>\n<p>Hast dir\u2019s doch verdient \u2013 und das tausend Mal<br \/>Gingst ans Limit und ich, ich geh jetzt gem\u00e4chlich nach Haus<br \/>Noch einen sch\u00f6nen Abend w\u00fcnsch ich dir<br \/>Vielleicht lernst du ja endlich daraus<\/p>\n","protected":false},"excerpt":{"rendered":"<p>Christian Ich glaube fast, du gehst jetzt besserDie schauen schon ziemlich grimmig dreinDer Typ auf zw\u00f6lf Uhr h\u00e4lt ein MesserUnd setzt es sicher auch ganz gerne ein Vielleicht h\u00e4ttest du besser die Klappe gehaltenIhm nicht gesagt was f\u00fcr ein Assi er istJetzt will er dich zusammenfaltenBis du blutbefleckt elend am Boden bistDu hast ja schlie\u00dflich &hellip; <\/p>\n<p class=\"link-more\"><a href=\"https:\/\/www.arno-wilhelm.de\/?p=200\" class=\"more-link\"><span class=\"screen-reader-text\">\u201eGedichte (69)\u201c<\/span> weiterlesen<\/a><\/p>\n","protected":false},"author":1,"featured_media":0,"comment_status":"open","ping_status":"open","sticky":false,"template":"","format":"standard","meta":{"footnotes":""},"categories":[106,151],"tags":[],"class_list":["post-200","post","type-post","status-publish","format-standard","hentry","category-gedichte","category-larry-devito"],"_links":{"self":[{"href":"https:\/\/www.arno-wilhelm.de\/index.php?rest_route=\/wp\/v2\/posts\/200","targetHints":{"allow":["GET"]}}],"collection":[{"href":"https:\/\/www.arno-wilhelm.de\/index.php?rest_route=\/wp\/v2\/posts"}],"about":[{"href":"https:\/\/www.arno-wilhelm.de\/index.php?rest_route=\/wp\/v2\/types\/post"}],"author":[{"embeddable":true,"href":"https:\/\/www.arno-wilhelm.de\/index.php?rest_route=\/wp\/v2\/users\/1"}],"replies":[{"embeddable":true,"href":"https:\/\/www.arno-wilhelm.de\/index.php?rest_route=%2Fwp%2Fv2%2Fcomments&post=200"}],"version-history":[{"count":0,"href":"https:\/\/www.arno-wilhelm.de\/index.php?rest_route=\/wp\/v2\/posts\/200\/revisions"}],"wp:attachment":[{"href":"https:\/\/www.arno-wilhelm.de\/index.php?rest_route=%2Fwp%2Fv2%2Fmedia&parent=200"}],"wp:term":[{"taxonomy":"category","embeddable":true,"href":"https:\/\/www.arno-wilhelm.de\/index.php?rest_route=%2Fwp%2Fv2%2Fcategories&post=200"},{"taxonomy":"post_tag","embeddable":true,"href":"https:\/\/www.arno-wilhelm.de\/index.php?rest_route=%2Fwp%2Fv2%2Ftags&post=200"}],"curies":[{"name":"wp","href":"https:\/\/api.w.org\/{rel}","templated":true}]}}