{"id":194,"date":"2011-09-09T21:13:00","date_gmt":"2011-09-09T19:13:00","guid":{"rendered":"http:\/\/arnowilhelm.wordpress.com\/2011\/09\/09\/gedichte-75"},"modified":"2011-09-09T21:13:00","modified_gmt":"2011-09-09T19:13:00","slug":"gedichte-75","status":"publish","type":"post","link":"https:\/\/www.arno-wilhelm.de\/?p=194","title":{"rendered":"Gedichte (75)"},"content":{"rendered":"<p>Einen wunderbaren guten Abend w\u00fcnsche ich!<br \/>Dies ist das 75. Gedicht auf meinem Blog, seit seiner Entstehung 2007, das finde ich sehr faszinierend,<br \/>Ich w\u00fcnsche ein sch\u00f6nes Wochenende allerseits&#8230;<\/p>\n<p>Greetz<br \/>Larry<\/p>\n<p>&#8212;<\/p>\n<p>Der Narr<\/p>\n<p>Es sa\u00df dereinst auf einer Kuppe<br \/>Ein Narr mit einer Nudelsuppe<br \/>Und wie er sie so zu sich nahm<br \/>Ihn eine Frage \u00fcberkam:<\/p>\n<p>Was tu ich hier mit dieser Suppe<br \/>Als Narr auf einer kleinen Kuppe?<\/p>\n<p>Das Essen, es will mir nicht munden<br \/>Und noch dazu bin ich allein<br \/>Kann weder satt, noch n\u00e4rrisch sein<br \/>Die Antwort hat er nicht gefunden<\/p>\n<p>War halt ein Narr, kein Philosoph<br \/>Lief kopfsch\u00fcttelnd zum K\u00f6nigshof<br \/>Und dachte sich: so wie mir geht\u2019s <br \/>wohl den meisten<br \/>Schuster, bleib bei deinen Leisten!<\/p>\n","protected":false},"excerpt":{"rendered":"<p>Einen wunderbaren guten Abend w\u00fcnsche ich!Dies ist das 75. Gedicht auf meinem Blog, seit seiner Entstehung 2007, das finde ich sehr faszinierend,Ich w\u00fcnsche ein sch\u00f6nes Wochenende allerseits&#8230; GreetzLarry &#8212; Der Narr Es sa\u00df dereinst auf einer KuppeEin Narr mit einer NudelsuppeUnd wie er sie so zu sich nahmIhn eine Frage \u00fcberkam: Was tu ich hier &hellip; <\/p>\n<p class=\"link-more\"><a href=\"https:\/\/www.arno-wilhelm.de\/?p=194\" class=\"more-link\"><span class=\"screen-reader-text\">\u201eGedichte (75)\u201c<\/span> weiterlesen<\/a><\/p>\n","protected":false},"author":1,"featured_media":0,"comment_status":"open","ping_status":"open","sticky":false,"template":"","format":"standard","meta":{"footnotes":""},"categories":[106,151,290],"tags":[],"class_list":["post-194","post","type-post","status-publish","format-standard","hentry","category-gedichte","category-larry-devito","category-www-larrydevito-de"],"_links":{"self":[{"href":"https:\/\/www.arno-wilhelm.de\/index.php?rest_route=\/wp\/v2\/posts\/194","targetHints":{"allow":["GET"]}}],"collection":[{"href":"https:\/\/www.arno-wilhelm.de\/index.php?rest_route=\/wp\/v2\/posts"}],"about":[{"href":"https:\/\/www.arno-wilhelm.de\/index.php?rest_route=\/wp\/v2\/types\/post"}],"author":[{"embeddable":true,"href":"https:\/\/www.arno-wilhelm.de\/index.php?rest_route=\/wp\/v2\/users\/1"}],"replies":[{"embeddable":true,"href":"https:\/\/www.arno-wilhelm.de\/index.php?rest_route=%2Fwp%2Fv2%2Fcomments&post=194"}],"version-history":[{"count":0,"href":"https:\/\/www.arno-wilhelm.de\/index.php?rest_route=\/wp\/v2\/posts\/194\/revisions"}],"wp:attachment":[{"href":"https:\/\/www.arno-wilhelm.de\/index.php?rest_route=%2Fwp%2Fv2%2Fmedia&parent=194"}],"wp:term":[{"taxonomy":"category","embeddable":true,"href":"https:\/\/www.arno-wilhelm.de\/index.php?rest_route=%2Fwp%2Fv2%2Fcategories&post=194"},{"taxonomy":"post_tag","embeddable":true,"href":"https:\/\/www.arno-wilhelm.de\/index.php?rest_route=%2Fwp%2Fv2%2Ftags&post=194"}],"curies":[{"name":"wp","href":"https:\/\/api.w.org\/{rel}","templated":true}]}}