{"id":190,"date":"2011-10-12T10:43:00","date_gmt":"2011-10-12T08:43:00","guid":{"rendered":"http:\/\/arnowilhelm.wordpress.com\/2011\/10\/12\/gedichte-78"},"modified":"2011-10-12T10:43:00","modified_gmt":"2011-10-12T08:43:00","slug":"gedichte-78","status":"publish","type":"post","link":"https:\/\/www.arno-wilhelm.de\/?p=190","title":{"rendered":"Gedichte (78)"},"content":{"rendered":"<p>Ade FDP<\/p>\n<p>Am Horizont, da sieht man sie vergl\u00fchen<br \/>Kometenhaft und inhaltsleer<br \/>Man erkennt sie ohne M\u00fchen<br \/>Selbstbewusst, bedeutungsschwer<\/p>\n<p>Auf ihrem bisher besten Weg<br \/>Bis zum Abgrund und noch weiter<br \/>Beliebtheit auf dem schmalen Grat<br \/>Zwischen Beulenpest und Eiter <br \/>Wo dreiste Sprache sinnlos waltet<br \/>Ward W\u00e4hlergunst schnell ausgeschaltet<br \/>Guidos Stimmung ist verdrie\u00dflich<br \/>Denn bei der n\u00e4chsten Landtagswahl<br \/>Steht Projekt 18 ausschlie\u00dflich<br \/>f\u00fcr ihre Mitgliederzahl<\/p>\n<p>Ein solcher Niedergang<br \/>der gibt Hoffnung f\u00fcr die Welt<br \/>Die Lobbyisten stehen im Regen<br \/>Ein Hauch Vernunft<br \/>der in die Politik Einzug erh\u00e4lt<\/p>\n<p>Vielleicht wird eines Tages <br \/>auch Frau Merkel abgesetzt<br \/>Und Sarrazin muss <br \/>schweigend Stra\u00dfen fegen<br \/>Die Hoffnung stirbt zuletzt<\/p>\n","protected":false},"excerpt":{"rendered":"<p>Ade FDP Am Horizont, da sieht man sie vergl\u00fchenKometenhaft und inhaltsleerMan erkennt sie ohne M\u00fchenSelbstbewusst, bedeutungsschwer Auf ihrem bisher besten WegBis zum Abgrund und noch weiterBeliebtheit auf dem schmalen GratZwischen Beulenpest und Eiter Wo dreiste Sprache sinnlos waltetWard W\u00e4hlergunst schnell ausgeschaltetGuidos Stimmung ist verdrie\u00dflichDenn bei der n\u00e4chsten LandtagswahlSteht Projekt 18 ausschlie\u00dflichf\u00fcr ihre Mitgliederzahl Ein solcher &hellip; <\/p>\n<p class=\"link-more\"><a href=\"https:\/\/www.arno-wilhelm.de\/?p=190\" class=\"more-link\"><span class=\"screen-reader-text\">\u201eGedichte (78)\u201c<\/span> weiterlesen<\/a><\/p>\n","protected":false},"author":1,"featured_media":0,"comment_status":"open","ping_status":"open","sticky":false,"template":"","format":"standard","meta":{"footnotes":""},"categories":[96,106,114,290],"tags":[],"class_list":["post-190","post","type-post","status-publish","format-standard","hentry","category-fpd","category-gedichte","category-guido-westerwelle","category-www-larrydevito-de"],"_links":{"self":[{"href":"https:\/\/www.arno-wilhelm.de\/index.php?rest_route=\/wp\/v2\/posts\/190","targetHints":{"allow":["GET"]}}],"collection":[{"href":"https:\/\/www.arno-wilhelm.de\/index.php?rest_route=\/wp\/v2\/posts"}],"about":[{"href":"https:\/\/www.arno-wilhelm.de\/index.php?rest_route=\/wp\/v2\/types\/post"}],"author":[{"embeddable":true,"href":"https:\/\/www.arno-wilhelm.de\/index.php?rest_route=\/wp\/v2\/users\/1"}],"replies":[{"embeddable":true,"href":"https:\/\/www.arno-wilhelm.de\/index.php?rest_route=%2Fwp%2Fv2%2Fcomments&post=190"}],"version-history":[{"count":0,"href":"https:\/\/www.arno-wilhelm.de\/index.php?rest_route=\/wp\/v2\/posts\/190\/revisions"}],"wp:attachment":[{"href":"https:\/\/www.arno-wilhelm.de\/index.php?rest_route=%2Fwp%2Fv2%2Fmedia&parent=190"}],"wp:term":[{"taxonomy":"category","embeddable":true,"href":"https:\/\/www.arno-wilhelm.de\/index.php?rest_route=%2Fwp%2Fv2%2Fcategories&post=190"},{"taxonomy":"post_tag","embeddable":true,"href":"https:\/\/www.arno-wilhelm.de\/index.php?rest_route=%2Fwp%2Fv2%2Ftags&post=190"}],"curies":[{"name":"wp","href":"https:\/\/api.w.org\/{rel}","templated":true}]}}