{"id":189,"date":"2011-10-12T10:44:00","date_gmt":"2011-10-12T08:44:00","guid":{"rendered":"http:\/\/arnowilhelm.wordpress.com\/2011\/10\/12\/gedichte-79"},"modified":"2011-10-12T10:44:00","modified_gmt":"2011-10-12T08:44:00","slug":"gedichte-79","status":"publish","type":"post","link":"https:\/\/www.arno-wilhelm.de\/?p=189","title":{"rendered":"Gedichte (79)"},"content":{"rendered":"<p>Offene Ohren und ein L\u00e4cheln<\/p>\n<p>Ich spreche nicht f\u00fcr unsere Generation<br \/>und nicht \u00fcber falsches Recht<br \/>nicht f\u00fcr unsere Nation<br \/>und \u00fcber mein Geschlecht<\/p>\n<p>Muss nicht die Welt bewegen<br \/>nur den Stift auf dem Papier<br \/>noch keine Lust ihn wegzulegen<br \/>so viele Worte fehlen mir<\/p>\n<p>Bin nicht Wecker und nicht Wader<br \/>nicht Georg Schramm, nicht Josef Hader<br \/>Was ich sage erweckt keine Revolution<br \/>offene Ohren und ein L\u00e4cheln,<br \/>das gen\u00fcgt mir schon<\/p>\n<p>Bin nicht Bill Kaulitz und nicht Sido<br \/>nicht Mario Barth und nicht Bushido<br \/>f\u00fcll&#8216; keine Stadien, keine Hallen<br \/>muss nicht jedermann gefallen<\/p>\n<p>Werd&#8216; nicht die Welt bewegen<br \/>nur den Stift auf dem Papier<br \/>hab keine Zeit ihn wegzulegen<br \/>so viele Worte fehlen hier<\/p>\n","protected":false},"excerpt":{"rendered":"<p>Offene Ohren und ein L\u00e4cheln Ich spreche nicht f\u00fcr unsere Generationund nicht \u00fcber falsches Rechtnicht f\u00fcr unsere Nationund \u00fcber mein Geschlecht Muss nicht die Welt bewegennur den Stift auf dem Papiernoch keine Lust ihn wegzulegenso viele Worte fehlen mir Bin nicht Wecker und nicht Wadernicht Georg Schramm, nicht Josef HaderWas ich sage erweckt keine Revolutionoffene &hellip; <\/p>\n<p class=\"link-more\"><a href=\"https:\/\/www.arno-wilhelm.de\/?p=189\" class=\"more-link\"><span class=\"screen-reader-text\">\u201eGedichte (79)\u201c<\/span> weiterlesen<\/a><\/p>\n","protected":false},"author":1,"featured_media":0,"comment_status":"open","ping_status":"open","sticky":false,"template":"","format":"standard","meta":{"footnotes":""},"categories":[42,50,106,110,115,136,144,167,237,290],"tags":[],"class_list":["post-189","post","type-post","status-publish","format-standard","hentry","category-bill-kaulitz","category-bushido","category-gedichte","category-georg-schramm","category-hannes-wader","category-josef-hader","category-konstantin-wecker","category-mario-barth","category-sido","category-www-larrydevito-de"],"_links":{"self":[{"href":"https:\/\/www.arno-wilhelm.de\/index.php?rest_route=\/wp\/v2\/posts\/189","targetHints":{"allow":["GET"]}}],"collection":[{"href":"https:\/\/www.arno-wilhelm.de\/index.php?rest_route=\/wp\/v2\/posts"}],"about":[{"href":"https:\/\/www.arno-wilhelm.de\/index.php?rest_route=\/wp\/v2\/types\/post"}],"author":[{"embeddable":true,"href":"https:\/\/www.arno-wilhelm.de\/index.php?rest_route=\/wp\/v2\/users\/1"}],"replies":[{"embeddable":true,"href":"https:\/\/www.arno-wilhelm.de\/index.php?rest_route=%2Fwp%2Fv2%2Fcomments&post=189"}],"version-history":[{"count":0,"href":"https:\/\/www.arno-wilhelm.de\/index.php?rest_route=\/wp\/v2\/posts\/189\/revisions"}],"wp:attachment":[{"href":"https:\/\/www.arno-wilhelm.de\/index.php?rest_route=%2Fwp%2Fv2%2Fmedia&parent=189"}],"wp:term":[{"taxonomy":"category","embeddable":true,"href":"https:\/\/www.arno-wilhelm.de\/index.php?rest_route=%2Fwp%2Fv2%2Fcategories&post=189"},{"taxonomy":"post_tag","embeddable":true,"href":"https:\/\/www.arno-wilhelm.de\/index.php?rest_route=%2Fwp%2Fv2%2Ftags&post=189"}],"curies":[{"name":"wp","href":"https:\/\/api.w.org\/{rel}","templated":true}]}}