{"id":180,"date":"2011-11-02T15:03:00","date_gmt":"2011-11-02T14:03:00","guid":{"rendered":"http:\/\/arnowilhelm.wordpress.com\/2011\/11\/02\/gedichte-87"},"modified":"2011-11-02T15:03:00","modified_gmt":"2011-11-02T14:03:00","slug":"gedichte-87","status":"publish","type":"post","link":"https:\/\/www.arno-wilhelm.de\/?p=180","title":{"rendered":"Gedichte (87)"},"content":{"rendered":"<p>Genesungslyrik II &#8211; Teil 8<\/p>\n<p>Abendrot<\/p>\n<p>Die letzten Sonnenstrahlen <br \/>vergehen am Horizont<br \/>weichen der Nacht und malen<br \/>farbenpr\u00e4chtig und gekonnt<\/p>\n<p>ein unfassbar sch\u00f6nes Bild<br \/>rot und orange ans Himmelszelt<br \/>dass es schnell zu fassen gilt<br \/>schon verdunkelt sich die Welt<\/p>\n<p>schwarze Nacht umf\u00e4ngt die Sicht<br \/>die ersten Sterne sind zu sehen<br \/>all das f\u00fcr sich ist so schlicht<br \/>und dabei so ergreifend sch\u00f6n<\/p>\n","protected":false},"excerpt":{"rendered":"<p>Genesungslyrik II &#8211; Teil 8 Abendrot Die letzten Sonnenstrahlen vergehen am Horizontweichen der Nacht und malenfarbenpr\u00e4chtig und gekonnt ein unfassbar sch\u00f6nes Bildrot und orange ans Himmelszeltdass es schnell zu fassen giltschon verdunkelt sich die Welt schwarze Nacht umf\u00e4ngt die Sichtdie ersten Sterne sind zu sehenall das f\u00fcr sich ist so schlichtund dabei so ergreifend sch\u00f6n<\/p>\n","protected":false},"author":1,"featured_media":0,"comment_status":"open","ping_status":"open","sticky":false,"template":"","format":"standard","meta":{"footnotes":""},"categories":[4,106,109,151,290],"tags":[],"class_list":["post-180","post","type-post","status-publish","format-standard","hentry","category-abendrot","category-gedichte","category-genesungslyrik","category-larry-devito","category-www-larrydevito-de"],"_links":{"self":[{"href":"https:\/\/www.arno-wilhelm.de\/index.php?rest_route=\/wp\/v2\/posts\/180","targetHints":{"allow":["GET"]}}],"collection":[{"href":"https:\/\/www.arno-wilhelm.de\/index.php?rest_route=\/wp\/v2\/posts"}],"about":[{"href":"https:\/\/www.arno-wilhelm.de\/index.php?rest_route=\/wp\/v2\/types\/post"}],"author":[{"embeddable":true,"href":"https:\/\/www.arno-wilhelm.de\/index.php?rest_route=\/wp\/v2\/users\/1"}],"replies":[{"embeddable":true,"href":"https:\/\/www.arno-wilhelm.de\/index.php?rest_route=%2Fwp%2Fv2%2Fcomments&post=180"}],"version-history":[{"count":0,"href":"https:\/\/www.arno-wilhelm.de\/index.php?rest_route=\/wp\/v2\/posts\/180\/revisions"}],"wp:attachment":[{"href":"https:\/\/www.arno-wilhelm.de\/index.php?rest_route=%2Fwp%2Fv2%2Fmedia&parent=180"}],"wp:term":[{"taxonomy":"category","embeddable":true,"href":"https:\/\/www.arno-wilhelm.de\/index.php?rest_route=%2Fwp%2Fv2%2Fcategories&post=180"},{"taxonomy":"post_tag","embeddable":true,"href":"https:\/\/www.arno-wilhelm.de\/index.php?rest_route=%2Fwp%2Fv2%2Ftags&post=180"}],"curies":[{"name":"wp","href":"https:\/\/api.w.org\/{rel}","templated":true}]}}