{"id":174,"date":"2011-11-08T11:24:00","date_gmt":"2011-11-08T10:24:00","guid":{"rendered":"http:\/\/arnowilhelm.wordpress.com\/2011\/11\/08\/gedichte-93"},"modified":"2011-11-08T11:24:00","modified_gmt":"2011-11-08T10:24:00","slug":"gedichte-93","status":"publish","type":"post","link":"https:\/\/www.arno-wilhelm.de\/?p=174","title":{"rendered":"Gedichte (93)"},"content":{"rendered":"<p>Genesungslyrik II &#8211; Teil 14<\/p>\n<p>Waagemut<\/p>\n<p>Schon seit Tagen will ich mich nicht mehr auf die Waage wagen<br \/>Muss mich fragen was kann und wird mir wohl die Waage sagen<br \/>Hab Angst die Waage wird mich nicht mehr tragen<br \/>Sollt&#8216; meinen Magen kleiner machen und der Waag\u2018 entsagen<br \/>Sonst wird der Wanst schon bald \u00fcber die Waage ragen<br \/>Werd&#8216; Kopf und Kragen wagen und chirurgisch Fett von Bauch und Magen tragen<br \/>Will verzagen, dieser Waage Waagenmacher unverhofft verklagen<br \/>Muss nun den Tag voll Festgelagen aus dem Kopf mir schlagen<br \/>Darf kein Fleisch f\u00fcr meinen Magen jagen<br \/>Daf\u00fcr wie ein Kaninchen Tag f\u00fcr Tag an M\u00f6hren nagen<br \/>Mich mit Sport und Muskelaufbau plagen<br \/>Bis die Pfunde, die ungefragt auf meiner H\u00fcfte lagen<br \/>Schlag auf Schlag vollst\u00e4ndig abgetragen<br \/>Dann muss ich zum Gl\u00fcck nicht mehr verzagen<br \/>Und darf mich wieder auf die Waage wagen<\/p>\n","protected":false},"excerpt":{"rendered":"<p>Genesungslyrik II &#8211; Teil 14 Waagemut Schon seit Tagen will ich mich nicht mehr auf die Waage wagenMuss mich fragen was kann und wird mir wohl die Waage sagenHab Angst die Waage wird mich nicht mehr tragenSollt&#8216; meinen Magen kleiner machen und der Waag\u2018 entsagenSonst wird der Wanst schon bald \u00fcber die Waage ragenWerd&#8216; Kopf &hellip; <\/p>\n<p class=\"link-more\"><a href=\"https:\/\/www.arno-wilhelm.de\/?p=174\" class=\"more-link\"><span class=\"screen-reader-text\">\u201eGedichte (93)\u201c<\/span> weiterlesen<\/a><\/p>\n","protected":false},"author":1,"featured_media":0,"comment_status":"open","ping_status":"open","sticky":false,"template":"","format":"standard","meta":{"footnotes":""},"categories":[106,109,151,274,290],"tags":[],"class_list":["post-174","post","type-post","status-publish","format-standard","hentry","category-gedichte","category-genesungslyrik","category-larry-devito","category-waagemut","category-www-larrydevito-de"],"_links":{"self":[{"href":"https:\/\/www.arno-wilhelm.de\/index.php?rest_route=\/wp\/v2\/posts\/174","targetHints":{"allow":["GET"]}}],"collection":[{"href":"https:\/\/www.arno-wilhelm.de\/index.php?rest_route=\/wp\/v2\/posts"}],"about":[{"href":"https:\/\/www.arno-wilhelm.de\/index.php?rest_route=\/wp\/v2\/types\/post"}],"author":[{"embeddable":true,"href":"https:\/\/www.arno-wilhelm.de\/index.php?rest_route=\/wp\/v2\/users\/1"}],"replies":[{"embeddable":true,"href":"https:\/\/www.arno-wilhelm.de\/index.php?rest_route=%2Fwp%2Fv2%2Fcomments&post=174"}],"version-history":[{"count":0,"href":"https:\/\/www.arno-wilhelm.de\/index.php?rest_route=\/wp\/v2\/posts\/174\/revisions"}],"wp:attachment":[{"href":"https:\/\/www.arno-wilhelm.de\/index.php?rest_route=%2Fwp%2Fv2%2Fmedia&parent=174"}],"wp:term":[{"taxonomy":"category","embeddable":true,"href":"https:\/\/www.arno-wilhelm.de\/index.php?rest_route=%2Fwp%2Fv2%2Fcategories&post=174"},{"taxonomy":"post_tag","embeddable":true,"href":"https:\/\/www.arno-wilhelm.de\/index.php?rest_route=%2Fwp%2Fv2%2Ftags&post=174"}],"curies":[{"name":"wp","href":"https:\/\/api.w.org\/{rel}","templated":true}]}}