{"id":167,"date":"2011-11-15T10:38:00","date_gmt":"2011-11-15T09:38:00","guid":{"rendered":"http:\/\/arnowilhelm.wordpress.com\/2011\/11\/15\/gedichte-100"},"modified":"2011-11-15T10:38:00","modified_gmt":"2011-11-15T09:38:00","slug":"gedichte-100","status":"publish","type":"post","link":"https:\/\/www.arno-wilhelm.de\/?p=167","title":{"rendered":"Gedichte (100)"},"content":{"rendered":"<p>Es ist mal wieder Jubil\u00e4umszeit. Heute erscheint das 100. Gedicht auf diesem Blog und geht auch der Gedichtzyklus &#8222;Genesungslyrik II&#8220; dem Ende entgegen. 100 Gedichte seit Anfang 2007, dankesch\u00f6n an jeden einzelnen, der mal auf dieser Seite war, es macht mir auch nach vier Jahren noch viel Spa\u00df diesen Blog zu f\u00fchren.<\/p>\n<p>Mit den besten Gr\u00fc\u00dfen<br \/>Larry deVito\u00a0<\/p>\n<p>&#8212;<\/p>\n<p>Genesungslyrik II &#8211; Teil 21<\/p>\n<p>Die Angst vor morgen<\/p>\n<p>Im Magen braut sich ein Gewitter<br \/>Aus Leid und Schuldgef\u00fchl zusammen<br \/>Frust schmeckt bitter<br \/>Und der klammen<br \/>H\u00e4nde zittern offenbart die Sorgen<br \/>Um Existenz und Lebensmut<br \/>Die Angst vor morgen<br \/>Eine kleine Prise Wut<\/p>\n<p>Auf den, der das alles hier verteilt<br \/>Gl\u00fcck gibt und nimmt und frei entscheidet<br \/>Wen das Schicksal bald ereilt<br \/>Wer lacht, wer liebt und wer noch leidet<\/p>\n<p>Wenn der Morgen graut ist das Aufgeben so nah<br \/>Und trotzdem muss es weitergehen<br \/>Denn noch ist&#8217;s wahr, sie dreht sich doch<br \/>Und dass es einmal besser wird<br \/>Daf\u00fcr lohnt es sich aufzustehen<\/p>\n","protected":false},"excerpt":{"rendered":"<p>Es ist mal wieder Jubil\u00e4umszeit. Heute erscheint das 100. Gedicht auf diesem Blog und geht auch der Gedichtzyklus &#8222;Genesungslyrik II&#8220; dem Ende entgegen. 100 Gedichte seit Anfang 2007, dankesch\u00f6n an jeden einzelnen, der mal auf dieser Seite war, es macht mir auch nach vier Jahren noch viel Spa\u00df diesen Blog zu f\u00fchren. Mit den besten &hellip; <\/p>\n<p class=\"link-more\"><a href=\"https:\/\/www.arno-wilhelm.de\/?p=167\" class=\"more-link\"><span class=\"screen-reader-text\">\u201eGedichte (100)\u201c<\/span> weiterlesen<\/a><\/p>\n","protected":false},"author":1,"featured_media":0,"comment_status":"open","ping_status":"open","sticky":false,"template":"","format":"standard","meta":{"footnotes":""},"categories":[68,106,109,290],"tags":[],"class_list":["post-167","post","type-post","status-publish","format-standard","hentry","category-die-angst-vor-morgen","category-gedichte","category-genesungslyrik","category-www-larrydevito-de"],"_links":{"self":[{"href":"https:\/\/www.arno-wilhelm.de\/index.php?rest_route=\/wp\/v2\/posts\/167","targetHints":{"allow":["GET"]}}],"collection":[{"href":"https:\/\/www.arno-wilhelm.de\/index.php?rest_route=\/wp\/v2\/posts"}],"about":[{"href":"https:\/\/www.arno-wilhelm.de\/index.php?rest_route=\/wp\/v2\/types\/post"}],"author":[{"embeddable":true,"href":"https:\/\/www.arno-wilhelm.de\/index.php?rest_route=\/wp\/v2\/users\/1"}],"replies":[{"embeddable":true,"href":"https:\/\/www.arno-wilhelm.de\/index.php?rest_route=%2Fwp%2Fv2%2Fcomments&post=167"}],"version-history":[{"count":0,"href":"https:\/\/www.arno-wilhelm.de\/index.php?rest_route=\/wp\/v2\/posts\/167\/revisions"}],"wp:attachment":[{"href":"https:\/\/www.arno-wilhelm.de\/index.php?rest_route=%2Fwp%2Fv2%2Fmedia&parent=167"}],"wp:term":[{"taxonomy":"category","embeddable":true,"href":"https:\/\/www.arno-wilhelm.de\/index.php?rest_route=%2Fwp%2Fv2%2Fcategories&post=167"},{"taxonomy":"post_tag","embeddable":true,"href":"https:\/\/www.arno-wilhelm.de\/index.php?rest_route=%2Fwp%2Fv2%2Ftags&post=167"}],"curies":[{"name":"wp","href":"https:\/\/api.w.org\/{rel}","templated":true}]}}