{"id":162,"date":"2012-01-16T15:59:00","date_gmt":"2012-01-16T14:59:00","guid":{"rendered":"http:\/\/arnowilhelm.wordpress.com\/2012\/01\/16\/termine-9"},"modified":"2012-01-16T15:59:00","modified_gmt":"2012-01-16T14:59:00","slug":"termine-9","status":"publish","type":"post","link":"https:\/\/www.arno-wilhelm.de\/?p=162","title":{"rendered":"Termine (9)"},"content":{"rendered":"<p>Einen wundersch\u00f6nen guten Tag,<\/p>\n<p>am Mittwoch, den 18.01. (also quasi \u00fcbermorgen), lese ich bei Periplaneta zwei Ausz\u00fcge aus meinem Romanmanuskript &#8222;The Jack&#8220;. Ich w\u00fcrde mich sehr \u00fcber euer Kommen freuen!<\/p>\n<p>Hier die Facebook-Veranstaltung dazu:<br \/><a href=\"http:\/\/www.facebook.com\/events\/205647499525211\/\">Periplaneta Kopfkino<\/a><\/p>\n<p>Und da m\u00fcsstet ihr hin, Periplaneta Literaturcaf\u00e9 Beginn ist um 20.00 Uhr:<br \/><a href=\"http:\/\/www.periplaneta.com\/php\/index.php?option=com_content&amp;task=blogsection&amp;id=9&amp;Itemid=146\">Periplaneta<\/a><\/p>\n<p>Der n\u00e4chste Dichtungsring ist am 31.01., diesmal mit Frank Kl\u00f6tgen, Daniel Hoth, Matthias Niklas, Hans S\u00f8lo und meiner Wenigkeit. Auch hier w\u00fcrde ich mich sehr \u00fcber zahlreichen Besuch freuen.<\/p>\n<p>Alles weitere dazu unter:<br \/><a href=\"http:\/\/dichtungsring.wordpress.com\">Dichtungsring &#8211; Homepage<\/a><\/p>\n<p>Hier auf dem Blog wird sich auch bald wieder einiges regen, im Laufe der n\u00e4chsten 1 &#8211; 2 Wochen werde ich hier \u00fcber den kommenden Gedichtband berichten, und dar\u00fcber, wann The Jack nun endlich das Licht der Welt erblickt.<\/p>\n<p>Ach, wat freu ick mir.<\/p>\n<p>Gr\u00fc\u00dfe<br \/>Larry<\/p>\n","protected":false},"excerpt":{"rendered":"<p>Einen wundersch\u00f6nen guten Tag, am Mittwoch, den 18.01. (also quasi \u00fcbermorgen), lese ich bei Periplaneta zwei Ausz\u00fcge aus meinem Romanmanuskript &#8222;The Jack&#8220;. Ich w\u00fcrde mich sehr \u00fcber euer Kommen freuen! Hier die Facebook-Veranstaltung dazu:Periplaneta Kopfkino Und da m\u00fcsstet ihr hin, Periplaneta Literaturcaf\u00e9 Beginn ist um 20.00 Uhr:Periplaneta Der n\u00e4chste Dichtungsring ist am 31.01., diesmal mit &hellip; <\/p>\n<p class=\"link-more\"><a href=\"https:\/\/www.arno-wilhelm.de\/?p=162\" class=\"more-link\"><span class=\"screen-reader-text\">\u201eTermine (9)\u201c<\/span> weiterlesen<\/a><\/p>\n","protected":false},"author":1,"featured_media":0,"comment_status":"open","ping_status":"open","sticky":false,"template":"","format":"standard","meta":{"footnotes":""},"categories":[20,67,196,224,252],"tags":[],"class_list":["post-162","post","type-post","status-publish","format-standard","hentry","category-arno-wilhelm-the-jack","category-dichtungsring","category-periplaneta","category-roman","category-termine"],"_links":{"self":[{"href":"https:\/\/www.arno-wilhelm.de\/index.php?rest_route=\/wp\/v2\/posts\/162","targetHints":{"allow":["GET"]}}],"collection":[{"href":"https:\/\/www.arno-wilhelm.de\/index.php?rest_route=\/wp\/v2\/posts"}],"about":[{"href":"https:\/\/www.arno-wilhelm.de\/index.php?rest_route=\/wp\/v2\/types\/post"}],"author":[{"embeddable":true,"href":"https:\/\/www.arno-wilhelm.de\/index.php?rest_route=\/wp\/v2\/users\/1"}],"replies":[{"embeddable":true,"href":"https:\/\/www.arno-wilhelm.de\/index.php?rest_route=%2Fwp%2Fv2%2Fcomments&post=162"}],"version-history":[{"count":0,"href":"https:\/\/www.arno-wilhelm.de\/index.php?rest_route=\/wp\/v2\/posts\/162\/revisions"}],"wp:attachment":[{"href":"https:\/\/www.arno-wilhelm.de\/index.php?rest_route=%2Fwp%2Fv2%2Fmedia&parent=162"}],"wp:term":[{"taxonomy":"category","embeddable":true,"href":"https:\/\/www.arno-wilhelm.de\/index.php?rest_route=%2Fwp%2Fv2%2Fcategories&post=162"},{"taxonomy":"post_tag","embeddable":true,"href":"https:\/\/www.arno-wilhelm.de\/index.php?rest_route=%2Fwp%2Fv2%2Ftags&post=162"}],"curies":[{"name":"wp","href":"https:\/\/api.w.org\/{rel}","templated":true}]}}