{"id":159,"date":"2012-01-28T15:16:00","date_gmt":"2012-01-28T14:16:00","guid":{"rendered":"http:\/\/arnowilhelm.wordpress.com\/2012\/01\/28\/gedichte-104"},"modified":"2012-01-28T15:16:00","modified_gmt":"2012-01-28T14:16:00","slug":"gedichte-104","status":"publish","type":"post","link":"https:\/\/www.arno-wilhelm.de\/?p=159","title":{"rendered":"Gedichte (104)"},"content":{"rendered":"<p>Langer Atem<\/p>\n<p>Die zarte Morgenr\u00f6te <br \/>Die am Horizont ergl\u00fcht<br \/>Wo die aufsteigende Sonne<br \/>Leuchtend ihren Glanz verspr\u00fcht<\/p>\n<p>Man h\u00f6rt der V\u00f6gel leises Zwitschern<br \/>Es rauscht sanft im Bl\u00e4tterdach<br \/>Der Himmel blau und wolkenlos<br \/>In dem Moment werde ich wach<\/p>\n<p>Dieser Woche zweiter Tag<br \/>Schickt sich an, recht zu beginnen<br \/>Schlie\u00dft mit der achten Stunde ab<br \/>Bin noch vertr\u00e4umt und wie von Sinnen<\/p>\n<p>Just in diesem Augenblick<br \/>Trifft mich der Sonnenstrahlen Schein<br \/>Und ein Gedanke zieht vorbei:<br \/>So langatmig kann Lyrik sein<\/p>\n<p>Zaubert Bilder f\u00fcr den Leser <br \/>Voller Sch\u00f6nheit, voller Macht<br \/>In Prosa hie\u00df es kurz und knapp:<\/p>\n<p>Dienstag Morgen, kurz nach acht<br \/>Bin gerade aufgewacht.<\/p>\n","protected":false},"excerpt":{"rendered":"<p>Langer Atem Die zarte Morgenr\u00f6te Die am Horizont ergl\u00fchtWo die aufsteigende SonneLeuchtend ihren Glanz verspr\u00fcht Man h\u00f6rt der V\u00f6gel leises ZwitschernEs rauscht sanft im Bl\u00e4tterdachDer Himmel blau und wolkenlosIn dem Moment werde ich wach Dieser Woche zweiter TagSchickt sich an, recht zu beginnenSchlie\u00dft mit der achten Stunde abBin noch vertr\u00e4umt und wie von Sinnen Just &hellip; <\/p>\n<p class=\"link-more\"><a href=\"https:\/\/www.arno-wilhelm.de\/?p=159\" class=\"more-link\"><span class=\"screen-reader-text\">\u201eGedichte (104)\u201c<\/span> weiterlesen<\/a><\/p>\n","protected":false},"author":1,"featured_media":0,"comment_status":"open","ping_status":"open","sticky":false,"template":"","format":"standard","meta":{"footnotes":""},"categories":[19,106,150,151,290],"tags":[],"class_list":["post-159","post","type-post","status-publish","format-standard","hentry","category-arno-wilhelm","category-gedichte","category-langer-atem","category-larry-devito","category-www-larrydevito-de"],"_links":{"self":[{"href":"https:\/\/www.arno-wilhelm.de\/index.php?rest_route=\/wp\/v2\/posts\/159","targetHints":{"allow":["GET"]}}],"collection":[{"href":"https:\/\/www.arno-wilhelm.de\/index.php?rest_route=\/wp\/v2\/posts"}],"about":[{"href":"https:\/\/www.arno-wilhelm.de\/index.php?rest_route=\/wp\/v2\/types\/post"}],"author":[{"embeddable":true,"href":"https:\/\/www.arno-wilhelm.de\/index.php?rest_route=\/wp\/v2\/users\/1"}],"replies":[{"embeddable":true,"href":"https:\/\/www.arno-wilhelm.de\/index.php?rest_route=%2Fwp%2Fv2%2Fcomments&post=159"}],"version-history":[{"count":0,"href":"https:\/\/www.arno-wilhelm.de\/index.php?rest_route=\/wp\/v2\/posts\/159\/revisions"}],"wp:attachment":[{"href":"https:\/\/www.arno-wilhelm.de\/index.php?rest_route=%2Fwp%2Fv2%2Fmedia&parent=159"}],"wp:term":[{"taxonomy":"category","embeddable":true,"href":"https:\/\/www.arno-wilhelm.de\/index.php?rest_route=%2Fwp%2Fv2%2Fcategories&post=159"},{"taxonomy":"post_tag","embeddable":true,"href":"https:\/\/www.arno-wilhelm.de\/index.php?rest_route=%2Fwp%2Fv2%2Ftags&post=159"}],"curies":[{"name":"wp","href":"https:\/\/api.w.org\/{rel}","templated":true}]}}