{"id":143,"date":"2012-04-12T18:19:00","date_gmt":"2012-04-12T16:19:00","guid":{"rendered":"http:\/\/arnowilhelm.wordpress.com\/2012\/04\/12\/ich-und-mein-kleines-luxusproblem-2"},"modified":"2012-04-12T18:19:00","modified_gmt":"2012-04-12T16:19:00","slug":"ich-und-mein-kleines-luxusproblem-2","status":"publish","type":"post","link":"https:\/\/www.arno-wilhelm.de\/?p=143","title":{"rendered":"Ich und mein kleines Luxusproblem (2)"},"content":{"rendered":"<p>Ahoi ihr sch\u00f6nen Menschen,<\/p>\n<p>ich bin gerade \u00e4u\u00dferst gut gelaunt, weil mein zweiter Gedichtband jetzt auch als Kindle-Version erschienen ist und in diesem Augenblick auf Platz 15 der Lyrik-B\u00e4nde steht.<\/p>\n<p>Hier gibt es die Kindle-Version, falls ihr auch schon auf Ebooks umgestellt habt:<\/p>\n<p><a href=\"http:\/\/www.amazon.de\/gp\/product\/B007SWC06U\/ref=as_li_tf_il?ie=UTF8&amp;tag=arnowilh-21&amp;linkCode=as2&amp;camp=1638&amp;creative=6742&amp;creativeASIN=B007SWC06U\"><img decoding=\"async\" border=\"0\" src=\"http:\/\/ws.assoc-amazon.de\/widgets\/q?_encoding=UTF8&amp;Format=_SL160_&amp;ASIN=B007SWC06U&amp;MarketPlace=DE&amp;ID=AsinImage&amp;WS=1&amp;tag=arnowilh-21&amp;ServiceVersion=20070822\"><\/a><img loading=\"lazy\" decoding=\"async\" src=\"http:\/\/www.assoc-amazon.de\/e\/ir?t=arnowilh-21&amp;l=as2&amp;o=3&amp;a=B007SWC06U\" width=\"1\" height=\"1\" border=\"0\" alt=\"\" \/><\/p>\n<p>Den Gedichtband werde ich am Mittwoch, den 18.April beim <a href=\"http:\/\/www.facebook.com\/events\/315944455127944\/\"> Periplaneta Kopfkino <\/a>  vorstellen. Am 07.Mai trete ich bei der Leseb\u00fchne <a href=\"http:\/\/www.facebook.com\/events\/310118872384042\/\">&#8222;Vision und Wahn&#8220;<\/a> zusammen mit Lea Streisand und Hans S\u00f8lo auf, das wird fein. Bei beiden Veranstaltungen stelle ich mich hoffentlich kl\u00fcger an, als beim letzten Dichtungsring, und nehme auch tats\u00e4chlich Exemplare des Buches mit. <\/p>\n<p>Ich w\u00fcnsche eine angenehme Restwoche,<\/p>\n<p>F\u00fchlt euch herzlichst gegr\u00fc\u00dft,<br \/>Larry deVito<\/p>\n","protected":false},"excerpt":{"rendered":"<p>Ahoi ihr sch\u00f6nen Menschen, ich bin gerade \u00e4u\u00dferst gut gelaunt, weil mein zweiter Gedichtband jetzt auch als Kindle-Version erschienen ist und in diesem Augenblick auf Platz 15 der Lyrik-B\u00e4nde steht. Hier gibt es die Kindle-Version, falls ihr auch schon auf Ebooks umgestellt habt: Den Gedichtband werde ich am Mittwoch, den 18.April beim Periplaneta Kopfkino vorstellen. &hellip; <\/p>\n<p class=\"link-more\"><a href=\"https:\/\/www.arno-wilhelm.de\/?p=143\" class=\"more-link\"><span class=\"screen-reader-text\">\u201eIch und mein kleines Luxusproblem (2)\u201c<\/span> weiterlesen<\/a><\/p>\n","protected":false},"author":1,"featured_media":0,"comment_status":"open","ping_status":"open","sticky":false,"template":"","format":"standard","meta":{"footnotes":""},"categories":[77,116,125,141,146,156,196,271],"tags":[],"class_list":["post-143","post","type-post","status-publish","format-standard","hentry","category-ebook","category-hans-solo","category-ich-und-mein-kleines-luxusproblem","category-kindle","category-kopfkino","category-lea-streisand","category-periplaneta","category-vision-und-wahn"],"_links":{"self":[{"href":"https:\/\/www.arno-wilhelm.de\/index.php?rest_route=\/wp\/v2\/posts\/143","targetHints":{"allow":["GET"]}}],"collection":[{"href":"https:\/\/www.arno-wilhelm.de\/index.php?rest_route=\/wp\/v2\/posts"}],"about":[{"href":"https:\/\/www.arno-wilhelm.de\/index.php?rest_route=\/wp\/v2\/types\/post"}],"author":[{"embeddable":true,"href":"https:\/\/www.arno-wilhelm.de\/index.php?rest_route=\/wp\/v2\/users\/1"}],"replies":[{"embeddable":true,"href":"https:\/\/www.arno-wilhelm.de\/index.php?rest_route=%2Fwp%2Fv2%2Fcomments&post=143"}],"version-history":[{"count":0,"href":"https:\/\/www.arno-wilhelm.de\/index.php?rest_route=\/wp\/v2\/posts\/143\/revisions"}],"wp:attachment":[{"href":"https:\/\/www.arno-wilhelm.de\/index.php?rest_route=%2Fwp%2Fv2%2Fmedia&parent=143"}],"wp:term":[{"taxonomy":"category","embeddable":true,"href":"https:\/\/www.arno-wilhelm.de\/index.php?rest_route=%2Fwp%2Fv2%2Fcategories&post=143"},{"taxonomy":"post_tag","embeddable":true,"href":"https:\/\/www.arno-wilhelm.de\/index.php?rest_route=%2Fwp%2Fv2%2Ftags&post=143"}],"curies":[{"name":"wp","href":"https:\/\/api.w.org\/{rel}","templated":true}]}}