{"id":141,"date":"2012-04-16T10:40:00","date_gmt":"2012-04-16T08:40:00","guid":{"rendered":"http:\/\/arnowilhelm.wordpress.com\/2012\/04\/16\/gedichte-109"},"modified":"2012-04-16T10:40:00","modified_gmt":"2012-04-16T08:40:00","slug":"gedichte-109","status":"publish","type":"post","link":"https:\/\/www.arno-wilhelm.de\/?p=141","title":{"rendered":"Gedichte (109)"},"content":{"rendered":"<p>Einen wundersch\u00f6nen guten Morgen,<\/p>\n<p>damit der Blog sich nicht so verwaist vorkommt, hier mal wieder ein neues Gedicht, auch wenn ich den Gro\u00dfteil meiner schreibenden Zeit gerade mit meinem n\u00e4chsten Roman verbringe. Ich hoffe er wird im Sommer fertig. Verraten kann ich bis jetzt noch nichts dar\u00fcber, daf\u00fcr wird es im Mai einiges an Infos zu dem Roman geben, der im Sommer erscheint. <\/p>\n<p>Au\u00dferdem muss hin und wieder einfach ein bisschen Liebeslyrik dabei sein&#8230; <\/p>\n<p>F\u00fchlt euch gegr\u00fc\u00dft,<br \/>Arno \/ Larry<\/p>\n<p>&#8212;<\/p>\n<p>Am tiefsten Punkt<\/p>\n<p>Am allertiefsten Punkt der Nacht<br \/>Bin ich aus einem Traum erwacht<br \/>In meinem Bett, allein mit mir<br \/>Seit Wochen tr\u00e4um ich stets von dir<br \/>Von Luftschl\u00f6ssern und Eintagsfliegen<br \/>So gern w\u00fcrd&#8216; ich mit dir hier liegen<\/p>\n","protected":false},"excerpt":{"rendered":"<p>Einen wundersch\u00f6nen guten Morgen, damit der Blog sich nicht so verwaist vorkommt, hier mal wieder ein neues Gedicht, auch wenn ich den Gro\u00dfteil meiner schreibenden Zeit gerade mit meinem n\u00e4chsten Roman verbringe. Ich hoffe er wird im Sommer fertig. Verraten kann ich bis jetzt noch nichts dar\u00fcber, daf\u00fcr wird es im Mai einiges an Infos &hellip; <\/p>\n<p class=\"link-more\"><a href=\"https:\/\/www.arno-wilhelm.de\/?p=141\" class=\"more-link\"><span class=\"screen-reader-text\">\u201eGedichte (109)\u201c<\/span> weiterlesen<\/a><\/p>\n","protected":false},"author":1,"featured_media":0,"comment_status":"open","ping_status":"open","sticky":false,"template":"","format":"standard","meta":{"footnotes":""},"categories":[10,106,151,161,164,290],"tags":[],"class_list":["post-141","post","type-post","status-publish","format-standard","hentry","category-am-tiefsten-punkt","category-gedichte","category-larry-devito","category-liebeslyrik","category-lyrik","category-www-larrydevito-de"],"_links":{"self":[{"href":"https:\/\/www.arno-wilhelm.de\/index.php?rest_route=\/wp\/v2\/posts\/141","targetHints":{"allow":["GET"]}}],"collection":[{"href":"https:\/\/www.arno-wilhelm.de\/index.php?rest_route=\/wp\/v2\/posts"}],"about":[{"href":"https:\/\/www.arno-wilhelm.de\/index.php?rest_route=\/wp\/v2\/types\/post"}],"author":[{"embeddable":true,"href":"https:\/\/www.arno-wilhelm.de\/index.php?rest_route=\/wp\/v2\/users\/1"}],"replies":[{"embeddable":true,"href":"https:\/\/www.arno-wilhelm.de\/index.php?rest_route=%2Fwp%2Fv2%2Fcomments&post=141"}],"version-history":[{"count":0,"href":"https:\/\/www.arno-wilhelm.de\/index.php?rest_route=\/wp\/v2\/posts\/141\/revisions"}],"wp:attachment":[{"href":"https:\/\/www.arno-wilhelm.de\/index.php?rest_route=%2Fwp%2Fv2%2Fmedia&parent=141"}],"wp:term":[{"taxonomy":"category","embeddable":true,"href":"https:\/\/www.arno-wilhelm.de\/index.php?rest_route=%2Fwp%2Fv2%2Fcategories&post=141"},{"taxonomy":"post_tag","embeddable":true,"href":"https:\/\/www.arno-wilhelm.de\/index.php?rest_route=%2Fwp%2Fv2%2Ftags&post=141"}],"curies":[{"name":"wp","href":"https:\/\/api.w.org\/{rel}","templated":true}]}}