{"id":137,"date":"2012-05-06T11:37:00","date_gmt":"2012-05-06T09:37:00","guid":{"rendered":"http:\/\/arnowilhelm.wordpress.com\/2012\/05\/06\/termine-11"},"modified":"2012-05-06T11:37:00","modified_gmt":"2012-05-06T09:37:00","slug":"termine-11","status":"publish","type":"post","link":"https:\/\/www.arno-wilhelm.de\/?p=137","title":{"rendered":"Termine (11)"},"content":{"rendered":"<p>Einen wundersch\u00f6nen guten Morgen,<\/p>\n<p>endlich ist es soweit, ich darf die Nachricht herausposaunen, auf die ich mich schon so lang gefreut habe:<\/p>\n<p>Mein Deb\u00fct-Roman wird am 25.07. bei Periplaneta erscheinen und &#8222;Jack Rodman &#8211; die ganze Wahrheit&#8220; hei\u00dfen. Ich freue mich schon unglaublich darauf, ihn in den H\u00e4nden zu halten. Wer kann, markiert sich den 20.07. im Kalender, da wird es eine Release-Party geben, mit Musik und Lesung und ganz vielen B\u00fcchern. Mehr dazu, wenn der Termin etwas n\u00e4her ist.<\/p>\n<p>Am Montag trete ich zusammen mit Lea Streisand, Hans S\u00f8lo, Thomas Manegold und Max van der Oos bei der Leseb\u00fchne der beiden letzteren auf, die sich &#8222;Vision &amp; Wahn&#8220; nennt. <a href=\"http:\/\/www.facebook.com\/events\/310118872384042\/\">Hier gibt es den Link dazu<\/a>.<\/p>\n<p>Am 17.05. bin ich dann das erste Mal im Radio zu h\u00f6ren. Max van der Oos empf\u00e4ngt in seiner Sendung Auslesen alle m\u00f6glichen Leute aus der Berliner Leseb\u00fchnen-Szene und dieses Mal bin ich dabei. Zu h\u00f6ren gibt es das Ganze im offenen Radio bei <span class=\"text_exposed_show\">&#8222;ALEX auf 88vier&#8220;, Antenne: 88,4 MHz und 90,7 MHz, Kabel 92,6 MHz oder im Netz unter <a href=\"http:\/\/www.alex-berlin.de\/radio\" rel=\"nofollow nofollow\" target=\"_blank\">www.alex-berlin.de\/radio<\/a><\/span><\/p>\n<p>Und zu guter Letzt: Am 29.Mai ist der n\u00e4chste Dichtungsring, dieses Mal mit dem bereits erw\u00e4hnten Thomas Manegold, Matthias Niklas, Katharina R\u00f6ben und meiner Wenigkeit. Musik machen The Sycamore Tree, die ich euch nur w\u00e4rmstens empfehlen kann. <a href=\"http:\/\/www.facebook.com\/events\/219855174796214\/\">Hier geht&#8217;s zur Facebook-Veranstaltung<\/a>.<\/p>\n<p>Ich w\u00fcnsche euch allen noch einen sch\u00f6nen Mai,<br \/>ich setze mich jetzt ins Eck und freue mich auf meinen Roman,<\/p>\n<p>F\u00fchlt euch gegr\u00fc\u00dft,<br \/>Arno \/ Larry<\/p>\n","protected":false},"excerpt":{"rendered":"<p>Einen wundersch\u00f6nen guten Morgen, endlich ist es soweit, ich darf die Nachricht herausposaunen, auf die ich mich schon so lang gefreut habe: Mein Deb\u00fct-Roman wird am 25.07. bei Periplaneta erscheinen und &#8222;Jack Rodman &#8211; die ganze Wahrheit&#8220; hei\u00dfen. Ich freue mich schon unglaublich darauf, ihn in den H\u00e4nden zu halten. Wer kann, markiert sich den &hellip; <\/p>\n<p class=\"link-more\"><a href=\"https:\/\/www.arno-wilhelm.de\/?p=137\" class=\"more-link\"><span class=\"screen-reader-text\">\u201eTermine (11)\u201c<\/span> weiterlesen<\/a><\/p>\n","protected":false},"author":1,"featured_media":0,"comment_status":"open","ping_status":"open","sticky":false,"template":"","format":"standard","meta":{"footnotes":""},"categories":[30,67,116,132,156,210,252,256,271],"tags":[],"class_list":["post-137","post","type-post","status-publish","format-standard","hentry","category-auslesen","category-dichtungsring","category-hans-solo","category-jack-rodman","category-lea-streisand","category-radio","category-termine","category-thomas-manegold","category-vision-und-wahn"],"_links":{"self":[{"href":"https:\/\/www.arno-wilhelm.de\/index.php?rest_route=\/wp\/v2\/posts\/137","targetHints":{"allow":["GET"]}}],"collection":[{"href":"https:\/\/www.arno-wilhelm.de\/index.php?rest_route=\/wp\/v2\/posts"}],"about":[{"href":"https:\/\/www.arno-wilhelm.de\/index.php?rest_route=\/wp\/v2\/types\/post"}],"author":[{"embeddable":true,"href":"https:\/\/www.arno-wilhelm.de\/index.php?rest_route=\/wp\/v2\/users\/1"}],"replies":[{"embeddable":true,"href":"https:\/\/www.arno-wilhelm.de\/index.php?rest_route=%2Fwp%2Fv2%2Fcomments&post=137"}],"version-history":[{"count":0,"href":"https:\/\/www.arno-wilhelm.de\/index.php?rest_route=\/wp\/v2\/posts\/137\/revisions"}],"wp:attachment":[{"href":"https:\/\/www.arno-wilhelm.de\/index.php?rest_route=%2Fwp%2Fv2%2Fmedia&parent=137"}],"wp:term":[{"taxonomy":"category","embeddable":true,"href":"https:\/\/www.arno-wilhelm.de\/index.php?rest_route=%2Fwp%2Fv2%2Fcategories&post=137"},{"taxonomy":"post_tag","embeddable":true,"href":"https:\/\/www.arno-wilhelm.de\/index.php?rest_route=%2Fwp%2Fv2%2Ftags&post=137"}],"curies":[{"name":"wp","href":"https:\/\/api.w.org\/{rel}","templated":true}]}}