{"id":135,"date":"2012-05-19T09:12:00","date_gmt":"2012-05-19T07:12:00","guid":{"rendered":"http:\/\/arnowilhelm.wordpress.com\/2012\/05\/19\/gedichte-112"},"modified":"2012-05-19T09:12:00","modified_gmt":"2012-05-19T07:12:00","slug":"gedichte-112","status":"publish","type":"post","link":"https:\/\/www.arno-wilhelm.de\/?p=135","title":{"rendered":"Gedichte (112)"},"content":{"rendered":"<p>Einen wundersch\u00f6nen guten Tag,<\/p>\n<p>momentan bin ich viel mit Arbeiten und \u00e4hnlichen Dingen besch\u00e4ftigt, weswegen ich nicht so zum Schreiben komme, wie ich mir das w\u00fcnschen w\u00fcrde, aber zumindest der n\u00e4chste Roman macht kleine Fortschritte und hoffentlich bis zum Dichtungsring am 29.05. auch wieder ein paar Gedichte. Dieses hier habe ich vor ein paar Wochen aus aktuellem Anlass geschrieben, bisher haben mir die Gru\u00dfkartenhersteller jedoch noch keine Millionen-Deals angeboten. Vielleicht geht da ja noch was.<br \/>Ich w\u00fcnsche ein sch\u00f6nes Wochenende allerseits,<\/p>\n<p>Herzlichste Gr\u00fc\u00dfe<br \/>Arno \/ Larry<\/p>\n<p>\u00a0&#8212;<\/p>\n<p>Mir selbst zum Geburtstag<\/p>\n<p>Bin ein Schwede, ein Falter<br \/>Ein Narr, ein Verwalter<br \/>Kurz gesagt: Bin ein Alter<br \/>Eine H\u00fctte, ein Haus<br \/>Seh zum Fenster hinaus<br \/>Sehe Sommer und Herbst<br \/>Es fror und es taute<br \/>Ich schlotterte derbst<br \/>Und schwitzte und glaubte<br \/>Die Hitze kaum zu ertragen<br \/>Ich durfte mich plagen<br \/>Mit Sturm und mit Regen<br \/>Durft&#8216; an Str\u00e4nde mich legen<br \/>Und arbeiten gehen<br \/>Beim S-Bahn erwarten<br \/>Mir die F\u00fc\u00dfe wund stehen<br \/>Vor unz\u00e4hligen Fahrten<\/p>\n<p>Hab viel neues erlebt<br \/>Bin der Alte geblieben<br \/>Neue Netze gewebt<br \/>Neue Berge bestiegen<\/p>\n<p>Ich lebe und liebe<br \/>Und laber zuviel<br \/>Laufe Schritt um Schritt weiter<br \/>Genie\u00dfe das Spiel<br \/>Runde um Runde<br \/>und Jahr um Jahr<br \/>Und freu mich dar\u00fcber<br \/>Ich bin immernoch da<\/p>\n<p>Und das feier ich heute<br \/>Und das darf man auch sehen<br \/>Lad&#8216; sie ein, all die Leute<br \/>die den Weg mit mir gehen<br \/>Zu Berg und zu Tale<br \/>Stets voran ohne Sturz<\/p>\n<p>Schmeiss mich in Schale<br \/>Und putz mir die Schnute<br \/>Dieses Jahr mach ich&#8217;s kurz:<\/p>\n<p>W\u00fcnsch mir selbst alles Gute!<\/p>\n","protected":false},"excerpt":{"rendered":"<p>Einen wundersch\u00f6nen guten Tag, momentan bin ich viel mit Arbeiten und \u00e4hnlichen Dingen besch\u00e4ftigt, weswegen ich nicht so zum Schreiben komme, wie ich mir das w\u00fcnschen w\u00fcrde, aber zumindest der n\u00e4chste Roman macht kleine Fortschritte und hoffentlich bis zum Dichtungsring am 29.05. auch wieder ein paar Gedichte. Dieses hier habe ich vor ein paar Wochen &hellip; <\/p>\n<p class=\"link-more\"><a href=\"https:\/\/www.arno-wilhelm.de\/?p=135\" class=\"more-link\"><span class=\"screen-reader-text\">\u201eGedichte (112)\u201c<\/span> weiterlesen<\/a><\/p>\n","protected":false},"author":1,"featured_media":0,"comment_status":"open","ping_status":"open","sticky":false,"template":"","format":"standard","meta":{"footnotes":""},"categories":[8,19,102,104,106,151,177,290],"tags":[],"class_list":["post-135","post","type-post","status-publish","format-standard","hentry","category-alles-gute","category-arno-wilhelm","category-geburtstag","category-gedicht","category-gedichte","category-larry-devito","category-mir-selbst-zum-geburtstag","category-www-larrydevito-de"],"_links":{"self":[{"href":"https:\/\/www.arno-wilhelm.de\/index.php?rest_route=\/wp\/v2\/posts\/135","targetHints":{"allow":["GET"]}}],"collection":[{"href":"https:\/\/www.arno-wilhelm.de\/index.php?rest_route=\/wp\/v2\/posts"}],"about":[{"href":"https:\/\/www.arno-wilhelm.de\/index.php?rest_route=\/wp\/v2\/types\/post"}],"author":[{"embeddable":true,"href":"https:\/\/www.arno-wilhelm.de\/index.php?rest_route=\/wp\/v2\/users\/1"}],"replies":[{"embeddable":true,"href":"https:\/\/www.arno-wilhelm.de\/index.php?rest_route=%2Fwp%2Fv2%2Fcomments&post=135"}],"version-history":[{"count":0,"href":"https:\/\/www.arno-wilhelm.de\/index.php?rest_route=\/wp\/v2\/posts\/135\/revisions"}],"wp:attachment":[{"href":"https:\/\/www.arno-wilhelm.de\/index.php?rest_route=%2Fwp%2Fv2%2Fmedia&parent=135"}],"wp:term":[{"taxonomy":"category","embeddable":true,"href":"https:\/\/www.arno-wilhelm.de\/index.php?rest_route=%2Fwp%2Fv2%2Fcategories&post=135"},{"taxonomy":"post_tag","embeddable":true,"href":"https:\/\/www.arno-wilhelm.de\/index.php?rest_route=%2Fwp%2Fv2%2Ftags&post=135"}],"curies":[{"name":"wp","href":"https:\/\/api.w.org\/{rel}","templated":true}]}}