{"id":134,"date":"2012-05-19T17:07:00","date_gmt":"2012-05-19T15:07:00","guid":{"rendered":"http:\/\/arnowilhelm.wordpress.com\/2012\/05\/19\/gedichte-113"},"modified":"2012-05-19T17:07:00","modified_gmt":"2012-05-19T15:07:00","slug":"gedichte-113","status":"publish","type":"post","link":"https:\/\/www.arno-wilhelm.de\/?p=134","title":{"rendered":"Gedichte (113)"},"content":{"rendered":"<p>Moderne Kleing\u00e4rtnervereine<\/p>\n<p><span>Es wird Zeit mal kurz aufzuwachen<br \/>Laptop, Smartphone auszumachen<br \/>Ins echte Leben zu migrieren<br \/>Die Sucht ein wenig kontrollieren<br \/>Die stete Gier nach Neuigkeit<br \/>Nach fremder Fr\u00f6hlichkeit und Leid <br \/>All diesen hochmodernen Sachen <br \/>Dem digitalen \u00dcberwachen<\/p>\n<p>Was hat die Jana grad geliked?<br \/>Guck mal wieviel Haut die zeigt<br \/>Auf ihren Urlaubsfotos hier<br \/>Wo sie so tut als k\u00f6nnt&#8216; sie fliegen <br \/>Am Ballermann nach vierzehn Bier<br \/>Schau, da f\u00e4llt sie von den Liegen<br \/>Und auf dem Bild muss sie reiern<br \/>Was hatte die da wohl zu feiern?<\/p>\n<p>Ach, der Theo hat gepostet<br \/>Dass er sich grad ein Sandwich toastet<br \/>Mit Schinken und Tomatenscheiben<br \/>Er hat das jetzt mal ausprobiert<br \/>Und wird es sich gleich einverleiben<br \/>Und jeder wird darauf markiert<br \/>Dass auch ja keiner vergisst<br \/>Was der Theo heute isst<\/p>\n<p><\/span><!--[if gte mso 9]&gt;   Normal  0      21      false  false  false    DE  X-NONE  X-NONE                                                                          &lt;![endif]--><!--[if gte mso 9]&gt;                                                                                                                                                                                                                                                                                    &lt;![endif]--><!--[if gte mso 10]&gt; \/* Style Definitions *\/  table.MsoNormalTable  {mso-style-name:\"Normale Tabelle\";  mso-tstyle-rowband-size:0;  mso-tstyle-colband-size:0;  mso-style-noshow:yes;  mso-style-priority:99;  mso-style-qformat:yes;  mso-style-parent:\"\";  mso-padding-alt:0cm 5.4pt 0cm 5.4pt;  mso-para-margin-top:0cm;  mso-para-margin-right:0cm;  mso-para-margin-bottom:10.0pt;  mso-para-margin-left:0cm;  line-height:115%;  mso-pagination:widow-orphan;  font-size:11.0pt;  font-family:\"Calibri\",\"sans-serif\";  mso-ascii-font-family:Calibri;  mso-ascii-theme-font:minor-latin;  mso-fareast-font-family:\"\uff2d\uff33 \u660e\u671d\";  mso-fareast-theme-font:minor-fareast;  mso-hansi-font-family:Calibri;  mso-hansi-theme-font:minor-latin;  mso-bidi-font-family:\"Times New Roman\";  mso-bidi-theme-font:minor-bidi;} &lt;![endif]--><span>Bj\u00f6rn und Anke sind im Kino<br \/>sehen Clint Eastwoods Gran Torino<br \/>Und kommentieren das Film-Geschehen<br \/>Bei Twitter mit dem Hashtag #Clint<br \/>Schreiben Live auf was sie sehen<br \/>Und dass sie nicht alleine sind<br \/>Theo liked die Kommentare<br \/>Jana f\u00e4rbt sich grad die Haare<br \/>Und lackiert sich noch die Zehen<br \/>Im Kino ist wohl grad zu sehen<br \/>Wie irgendwer heroisch stirbt<br \/>Theos Sandwich f\u00fchrt dazu<br \/>Dass er den Magen sich verdirbt<br \/>Die Filmreview geht heiter weiter<\/span><span><\/p>\n<p>Ich w\u00fcrd mich allzu gern abwenden<br \/>Halb neugierig und halb genervt<br \/>Versucht, selber was abzusenden<br \/>Doch mein Blick, der ist gesch\u00e4rft<br \/>Wie fr\u00fcher im Schrebergarten<br \/>Kann es jeder kaum erwarten<br \/>Zu sehen was der Nachbar macht<br \/>Woraus sich dann ein Streit entfacht<br \/>Doch jetzt wird\u2019s mir langsam genug<br \/>Heut g\u00f6nne ich mir mal Entzug <br \/>Ein paar Stunden ganz allein<br \/>Werden schon nicht sch\u00e4dlich sein<\/p>\n<p>Analoge Ruhezeit, so vollkommen ungest\u00f6rt<br \/>Das krieg ich hin, w\u00e4r doch gelacht<br \/>Und damit jeder davon h\u00f6rt<br \/>Wird&#8217;s gleich in Status-Form gebracht<\/span><\/p>\n","protected":false},"excerpt":{"rendered":"<p>Moderne Kleing\u00e4rtnervereine Es wird Zeit mal kurz aufzuwachenLaptop, Smartphone auszumachenIns echte Leben zu migrierenDie Sucht ein wenig kontrollierenDie stete Gier nach NeuigkeitNach fremder Fr\u00f6hlichkeit und Leid All diesen hochmodernen Sachen Dem digitalen \u00dcberwachen Was hat die Jana grad geliked?Guck mal wieviel Haut die zeigtAuf ihren Urlaubsfotos hierWo sie so tut als k\u00f6nnt&#8216; sie fliegen Am &hellip; <\/p>\n<p class=\"link-more\"><a href=\"https:\/\/www.arno-wilhelm.de\/?p=134\" class=\"more-link\"><span class=\"screen-reader-text\">\u201eGedichte (113)\u201c<\/span> weiterlesen<\/a><\/p>\n","protected":false},"author":1,"featured_media":0,"comment_status":"open","ping_status":"open","sticky":false,"template":"","format":"standard","meta":{"footnotes":""},"categories":[54,90,104,106,112,180,263],"tags":[],"class_list":["post-134","post","type-post","status-publish","format-standard","hentry","category-clint-eastwood","category-facebook","category-gedicht","category-gedichte","category-gran-torino","category-moderne-kleingartnervereine","category-twitter"],"_links":{"self":[{"href":"https:\/\/www.arno-wilhelm.de\/index.php?rest_route=\/wp\/v2\/posts\/134","targetHints":{"allow":["GET"]}}],"collection":[{"href":"https:\/\/www.arno-wilhelm.de\/index.php?rest_route=\/wp\/v2\/posts"}],"about":[{"href":"https:\/\/www.arno-wilhelm.de\/index.php?rest_route=\/wp\/v2\/types\/post"}],"author":[{"embeddable":true,"href":"https:\/\/www.arno-wilhelm.de\/index.php?rest_route=\/wp\/v2\/users\/1"}],"replies":[{"embeddable":true,"href":"https:\/\/www.arno-wilhelm.de\/index.php?rest_route=%2Fwp%2Fv2%2Fcomments&post=134"}],"version-history":[{"count":0,"href":"https:\/\/www.arno-wilhelm.de\/index.php?rest_route=\/wp\/v2\/posts\/134\/revisions"}],"wp:attachment":[{"href":"https:\/\/www.arno-wilhelm.de\/index.php?rest_route=%2Fwp%2Fv2%2Fmedia&parent=134"}],"wp:term":[{"taxonomy":"category","embeddable":true,"href":"https:\/\/www.arno-wilhelm.de\/index.php?rest_route=%2Fwp%2Fv2%2Fcategories&post=134"},{"taxonomy":"post_tag","embeddable":true,"href":"https:\/\/www.arno-wilhelm.de\/index.php?rest_route=%2Fwp%2Fv2%2Ftags&post=134"}],"curies":[{"name":"wp","href":"https:\/\/api.w.org\/{rel}","templated":true}]}}