{"id":1308,"date":"2025-04-30T06:11:56","date_gmt":"2025-04-30T06:11:56","guid":{"rendered":"https:\/\/www.arno-wilhelm.de\/?p=1308"},"modified":"2025-04-30T06:16:37","modified_gmt":"2025-04-30T06:16:37","slug":"dichtungsring-81-40-jahre-offener-kanal-berlin","status":"publish","type":"post","link":"https:\/\/www.arno-wilhelm.de\/?p=1308","title":{"rendered":"Dichtungsring #81: 40 Jahre offener Kanal Berlin"},"content":{"rendered":"<p>Hallo allerseits,<\/p>\n<p>der Dichtungsring gesellt sich erneut auf die B\u00fchne. Neue Texte, neue Lieder, neue Antworten und neue Fragen. Die Leseb\u00fchne hat sich von ihrem Geburtstag erholt und ist voller Energie und Vorfreude. Das wird ganz sch\u00f6n sch\u00f6n werden!<\/p>\n<p>Es treten auf:<br \/>\n&#8211; Arno Wilhelm<br \/>\n&#8211; Matthias Niklas<br \/>\n&#8211; Paul Weigl<br \/>\n&#8211; Heiko Werning<\/p>\n<p>Wenn ihr gern live im Studio dabei sein wollt an dem Abend, kommt gegen halb acht ins Studio in der Rudolfstra\u00dfe 1-8, Eingang Ecke Ehrenbergstra\u00dfe \u2013 unweit vom S-Bahnhof Warschauer Stra\u00dfe. Eintritt kostet nichts \u2013 nur Getr\u00e4nke m\u00fcsst ihr euch selber mitnehmen.<\/p>\n<p>Am Freitag, den 16.05. geht es p\u00fcnktlich um 20.00 Uhr los live oder unter <a href=\"https:\/\/www.alex-berlin.de\/live\" target=\"_blank\" rel=\"noopener\">https:\/\/www.alex-berlin.de\/live<\/a> \u2013 guckt gerne zu und stellt uns wie immer Fragen \u00fcber Quatsch und Ernst live \u00fcber Slido.<\/p>\n<p>Foto von <a href=\"https:\/\/unsplash.com\/de\/@henrylaiphotography?utm_content=creditCopyText&amp;utm_medium=referral&amp;utm_source=unsplash\">Henry Lai<\/a> auf <a href=\"https:\/\/unsplash.com\/de\/fotos\/weisser-und-brauner-hamster-aus-weissem-textil-2uTVeLDQQkk?utm_content=creditCopyText&amp;utm_medium=referral&amp;utm_source=unsplash\">Unsplash<\/a><\/p>\n","protected":false},"excerpt":{"rendered":"<p>Hallo allerseits, der Dichtungsring gesellt sich erneut auf die B\u00fchne. Neue Texte, neue Lieder, neue Antworten und neue Fragen. Die Leseb\u00fchne hat sich von ihrem Geburtstag erholt und ist voller Energie und Vorfreude. Das wird ganz sch\u00f6n sch\u00f6n werden! Es treten auf: &#8211; Arno Wilhelm &#8211; Matthias Niklas &#8211; Paul Weigl &#8211; Heiko Werning Wenn &hellip; <\/p>\n<p class=\"link-more\"><a href=\"https:\/\/www.arno-wilhelm.de\/?p=1308\" class=\"more-link\"><span class=\"screen-reader-text\">\u201eDichtungsring #81: 40 Jahre offener Kanal Berlin\u201c<\/span> weiterlesen<\/a><\/p>\n","protected":false},"author":1,"featured_media":1309,"comment_status":"open","ping_status":"open","sticky":false,"template":"","format":"standard","meta":{"footnotes":""},"categories":[1],"tags":[],"class_list":["post-1308","post","type-post","status-publish","format-standard","has-post-thumbnail","hentry","category-uncategorized"],"_links":{"self":[{"href":"https:\/\/www.arno-wilhelm.de\/index.php?rest_route=\/wp\/v2\/posts\/1308","targetHints":{"allow":["GET"]}}],"collection":[{"href":"https:\/\/www.arno-wilhelm.de\/index.php?rest_route=\/wp\/v2\/posts"}],"about":[{"href":"https:\/\/www.arno-wilhelm.de\/index.php?rest_route=\/wp\/v2\/types\/post"}],"author":[{"embeddable":true,"href":"https:\/\/www.arno-wilhelm.de\/index.php?rest_route=\/wp\/v2\/users\/1"}],"replies":[{"embeddable":true,"href":"https:\/\/www.arno-wilhelm.de\/index.php?rest_route=%2Fwp%2Fv2%2Fcomments&post=1308"}],"version-history":[{"count":2,"href":"https:\/\/www.arno-wilhelm.de\/index.php?rest_route=\/wp\/v2\/posts\/1308\/revisions"}],"predecessor-version":[{"id":1311,"href":"https:\/\/www.arno-wilhelm.de\/index.php?rest_route=\/wp\/v2\/posts\/1308\/revisions\/1311"}],"wp:featuredmedia":[{"embeddable":true,"href":"https:\/\/www.arno-wilhelm.de\/index.php?rest_route=\/wp\/v2\/media\/1309"}],"wp:attachment":[{"href":"https:\/\/www.arno-wilhelm.de\/index.php?rest_route=%2Fwp%2Fv2%2Fmedia&parent=1308"}],"wp:term":[{"taxonomy":"category","embeddable":true,"href":"https:\/\/www.arno-wilhelm.de\/index.php?rest_route=%2Fwp%2Fv2%2Fcategories&post=1308"},{"taxonomy":"post_tag","embeddable":true,"href":"https:\/\/www.arno-wilhelm.de\/index.php?rest_route=%2Fwp%2Fv2%2Ftags&post=1308"}],"curies":[{"name":"wp","href":"https:\/\/api.w.org\/{rel}","templated":true}]}}