{"id":1292,"date":"2024-12-11T19:27:59","date_gmt":"2024-12-11T19:27:59","guid":{"rendered":"https:\/\/www.arno-wilhelm.de\/?p=1292"},"modified":"2024-12-11T19:32:56","modified_gmt":"2024-12-11T19:32:56","slug":"dichtungsring-78-artikelzustand-neu-wie-gebraucht","status":"publish","type":"post","link":"https:\/\/www.arno-wilhelm.de\/?p=1292","title":{"rendered":"Dichtungsring #78: &#8218;Artikelzustand: Neu &#8211; wie gebraucht&#8216;"},"content":{"rendered":"<p>Hallo zusammen,<\/p>\n<p>der Dichtungsring stellt sich nun schon zum 78.Mal auf die B\u00fchne. Es ist Weihnachtszeit und es gibt zum Jahresabschluss festlich-w\u00e4rmende Texte, fulminante Musik und flauschig k\u00f6chelnde Unterhaltungen. Kommt gern vorbei oder schaut aus der Ferne zu.<\/p>\n<p>Es lesen:<br \/>\n\u2013 Matthias Niklas<br \/>\n\u2013 Arno Wilhelm<br \/>\n\u2013 Theresa Rath<br \/>\n\u2013 Felix R\u00f6mer<br \/>\n&#8211; Charlotte H\u00fcbsch<br \/>\n&#8211; Sandro de Lorenzo Gardinal<\/p>\n<p>und Musik gibt es von Eva Wunderbar.<\/p>\n<p>Das wird toll. Wenn ihr gern live im Studio dabei sein wollt an dem Abend, kommt gegen halb acht ins Studio in der Rudolfstra\u00dfe 1-8, Eingang Ecke Ehrenbergstra\u00dfe \u2013 unweit vom S-Bahnhof Warschauer Stra\u00dfe. Eintritt kostet nichts \u2013 nur Getr\u00e4nke m\u00fcsst ihr euch selber mitnehmen.<\/p>\n<p>Am Montag, den 16.12. geht es p\u00fcnktlich um 20.00 Uhr los live oder unter <a href=\"https:\/\/www.alex-berlin.de\/live\" target=\"_blank\">https:\/\/www.alex-berlin.de\/live<\/a> \u2013 guckt gerne zu und stellt uns wie immer Fragen die euch bewegen oder am\u00fcsieren oder fraglich stimmen live \u00fcber Slido.<\/p>\n<p>Foto von <a href=\"https:\/\/unsplash.com\/de\/@karsten116?utm_content=creditCopyText&#038;utm_medium=referral&#038;utm_source=unsplash\">Karsten Winegeart<\/a> auf <a href=\"https:\/\/unsplash.com\/de\/fotos\/weisser-und-brauner-hund-mit-weihnachtsmannmutze-Fqr9Bq7Inz0?utm_content=creditCopyText&#038;utm_medium=referral&#038;utm_source=unsplash\">Unsplash<\/a><\/p>\n","protected":false},"excerpt":{"rendered":"<p>Hallo zusammen, der Dichtungsring stellt sich nun schon zum 78.Mal auf die B\u00fchne. Es ist Weihnachtszeit und es gibt zum Jahresabschluss festlich-w\u00e4rmende Texte, fulminante Musik und flauschig k\u00f6chelnde Unterhaltungen. Kommt gern vorbei oder schaut aus der Ferne zu. Es lesen: \u2013 Matthias Niklas \u2013 Arno Wilhelm \u2013 Theresa Rath \u2013 Felix R\u00f6mer &#8211; Charlotte H\u00fcbsch &hellip; <\/p>\n<p class=\"link-more\"><a href=\"https:\/\/www.arno-wilhelm.de\/?p=1292\" class=\"more-link\"><span class=\"screen-reader-text\">\u201eDichtungsring #78: &#8218;Artikelzustand: Neu &#8211; wie gebraucht&#8216;\u201c<\/span> weiterlesen<\/a><\/p>\n","protected":false},"author":1,"featured_media":1293,"comment_status":"open","ping_status":"open","sticky":false,"template":"","format":"standard","meta":{"footnotes":""},"categories":[1],"tags":[],"class_list":["post-1292","post","type-post","status-publish","format-standard","has-post-thumbnail","hentry","category-uncategorized"],"_links":{"self":[{"href":"https:\/\/www.arno-wilhelm.de\/index.php?rest_route=\/wp\/v2\/posts\/1292","targetHints":{"allow":["GET"]}}],"collection":[{"href":"https:\/\/www.arno-wilhelm.de\/index.php?rest_route=\/wp\/v2\/posts"}],"about":[{"href":"https:\/\/www.arno-wilhelm.de\/index.php?rest_route=\/wp\/v2\/types\/post"}],"author":[{"embeddable":true,"href":"https:\/\/www.arno-wilhelm.de\/index.php?rest_route=\/wp\/v2\/users\/1"}],"replies":[{"embeddable":true,"href":"https:\/\/www.arno-wilhelm.de\/index.php?rest_route=%2Fwp%2Fv2%2Fcomments&post=1292"}],"version-history":[{"count":2,"href":"https:\/\/www.arno-wilhelm.de\/index.php?rest_route=\/wp\/v2\/posts\/1292\/revisions"}],"predecessor-version":[{"id":1295,"href":"https:\/\/www.arno-wilhelm.de\/index.php?rest_route=\/wp\/v2\/posts\/1292\/revisions\/1295"}],"wp:featuredmedia":[{"embeddable":true,"href":"https:\/\/www.arno-wilhelm.de\/index.php?rest_route=\/wp\/v2\/media\/1293"}],"wp:attachment":[{"href":"https:\/\/www.arno-wilhelm.de\/index.php?rest_route=%2Fwp%2Fv2%2Fmedia&parent=1292"}],"wp:term":[{"taxonomy":"category","embeddable":true,"href":"https:\/\/www.arno-wilhelm.de\/index.php?rest_route=%2Fwp%2Fv2%2Fcategories&post=1292"},{"taxonomy":"post_tag","embeddable":true,"href":"https:\/\/www.arno-wilhelm.de\/index.php?rest_route=%2Fwp%2Fv2%2Ftags&post=1292"}],"curies":[{"name":"wp","href":"https:\/\/api.w.org\/{rel}","templated":true}]}}