{"id":1287,"date":"2024-08-18T19:00:49","date_gmt":"2024-08-18T19:00:49","guid":{"rendered":"https:\/\/www.arno-wilhelm.de\/?p=1287"},"modified":"2024-08-18T19:00:49","modified_gmt":"2024-08-18T19:00:49","slug":"dichtungsring-77-lebensknaeuel","status":"publish","type":"post","link":"https:\/\/www.arno-wilhelm.de\/?p=1287","title":{"rendered":"Dichtungsring #77: Lebenskn\u00e4uel"},"content":{"rendered":"<p>Hallo zusammen,<\/p>\n<p>der Dichtungsring, die sauer-scharf-Suppe unter den Leseb\u00fchnen, stellt sich wieder auf die B\u00fchne. Und das schon zum 77.Mal. Neue Texte, neue Musik und hoffentlich neue und alte Traditionen. Wir k\u00f6nnen es kaum erwarten. Schaut uns doch zu, dann wird es noch sch\u00f6ner.<\/p>\n<p>Es lesen:<br \/>\n\u2013 Matthias Niklas<br \/>\n\u2013 Arno Wilhelm<br \/>\n\u2013 Theresa Rath<br \/>\n&#8211; tba<\/p>\n<p>und Musik gibt es von Mathias Wildenbruch.<\/p>\n<p>Das wird toll. Wenn ihr gern live im Studio dabei sein wollt an dem Abend, kommt gegen halb acht ins Studio in der Rudolfstra\u00dfe 1-8, Eingang Ecke Ehrenbergstra\u00dfe &#8211; unweit vom S-Bahnhof Warschauer Stra\u00dfe. Eintritt kostet nichts &#8211; nur Getr\u00e4nke m\u00fcsst ihr euch selber mitnehmen.<\/p>\n<p>Am 06.09. geht es p\u00fcnktlich um 20.00 Uhr los live oder unter <a href=\"https:\/\/www.alex-berlin.de\/live\" rel=\"noopener\" target=\"_blank\">https:\/\/www.alex-berlin.de\/live<\/a> \u2013 guckt gerne zu und stellt uns wie immer Fragen die euch bewegen live \u00fcber Slido.<\/p>\n<p>Foto von <a href=\"https:\/\/unsplash.com\/de\/@jcotten?utm_content=creditCopyText&#038;utm_medium=referral&#038;utm_source=unsplash\">Joshua J. Cotten<\/a> auf <a href=\"https:\/\/unsplash.com\/de\/fotos\/braunes-leopardenjunges-aENnoIdtJ9A?utm_content=creditCopyText&#038;utm_medium=referral&#038;utm_source=unsplash\">Unsplash<\/a> <\/p>\n","protected":false},"excerpt":{"rendered":"<p>Hallo zusammen, der Dichtungsring, die sauer-scharf-Suppe unter den Leseb\u00fchnen, stellt sich wieder auf die B\u00fchne. Und das schon zum 77.Mal. Neue Texte, neue Musik und hoffentlich neue und alte Traditionen. Wir k\u00f6nnen es kaum erwarten. Schaut uns doch zu, dann wird es noch sch\u00f6ner. Es lesen: \u2013 Matthias Niklas \u2013 Arno Wilhelm \u2013 Theresa Rath &hellip; <\/p>\n<p class=\"link-more\"><a href=\"https:\/\/www.arno-wilhelm.de\/?p=1287\" class=\"more-link\"><span class=\"screen-reader-text\">\u201eDichtungsring #77: Lebenskn\u00e4uel\u201c<\/span> weiterlesen<\/a><\/p>\n","protected":false},"author":1,"featured_media":1288,"comment_status":"open","ping_status":"open","sticky":false,"template":"","format":"standard","meta":{"footnotes":""},"categories":[1],"tags":[],"class_list":["post-1287","post","type-post","status-publish","format-standard","has-post-thumbnail","hentry","category-uncategorized"],"_links":{"self":[{"href":"https:\/\/www.arno-wilhelm.de\/index.php?rest_route=\/wp\/v2\/posts\/1287","targetHints":{"allow":["GET"]}}],"collection":[{"href":"https:\/\/www.arno-wilhelm.de\/index.php?rest_route=\/wp\/v2\/posts"}],"about":[{"href":"https:\/\/www.arno-wilhelm.de\/index.php?rest_route=\/wp\/v2\/types\/post"}],"author":[{"embeddable":true,"href":"https:\/\/www.arno-wilhelm.de\/index.php?rest_route=\/wp\/v2\/users\/1"}],"replies":[{"embeddable":true,"href":"https:\/\/www.arno-wilhelm.de\/index.php?rest_route=%2Fwp%2Fv2%2Fcomments&post=1287"}],"version-history":[{"count":1,"href":"https:\/\/www.arno-wilhelm.de\/index.php?rest_route=\/wp\/v2\/posts\/1287\/revisions"}],"predecessor-version":[{"id":1289,"href":"https:\/\/www.arno-wilhelm.de\/index.php?rest_route=\/wp\/v2\/posts\/1287\/revisions\/1289"}],"wp:featuredmedia":[{"embeddable":true,"href":"https:\/\/www.arno-wilhelm.de\/index.php?rest_route=\/wp\/v2\/media\/1288"}],"wp:attachment":[{"href":"https:\/\/www.arno-wilhelm.de\/index.php?rest_route=%2Fwp%2Fv2%2Fmedia&parent=1287"}],"wp:term":[{"taxonomy":"category","embeddable":true,"href":"https:\/\/www.arno-wilhelm.de\/index.php?rest_route=%2Fwp%2Fv2%2Fcategories&post=1287"},{"taxonomy":"post_tag","embeddable":true,"href":"https:\/\/www.arno-wilhelm.de\/index.php?rest_route=%2Fwp%2Fv2%2Ftags&post=1287"}],"curies":[{"name":"wp","href":"https:\/\/api.w.org\/{rel}","templated":true}]}}