{"id":128,"date":"2012-08-03T09:31:00","date_gmt":"2012-08-03T07:31:00","guid":{"rendered":"http:\/\/arnowilhelm.wordpress.com\/2012\/08\/03\/gedichte-117"},"modified":"2012-08-03T09:31:00","modified_gmt":"2012-08-03T07:31:00","slug":"gedichte-117","status":"publish","type":"post","link":"https:\/\/www.arno-wilhelm.de\/?p=128","title":{"rendered":"Gedichte (117)"},"content":{"rendered":"<p><\/p>\n<div class=\"MsoNormal\"><span style=\"font-size:10pt;line-height:115%;\">Gelebte Demokratie<\/span><\/div>\n<div class=\"MsoNormal\"><span style=\"font-size:10pt;line-height:115%;\"><\/p>\n<p>Meine lieben, hochverehrten, unbeschwerten <br \/>werten Zuschauer hier und Zuhaus an den Ger\u00e4ten,<br \/>Ich sag hallo zur hei\u00df verehrten, schwer begehrten<br \/>Von jung und alt und den Gelehrten geradezu herbeigeflehten<\/p>\n<p>neuen Staffel voll Spannung, Nervenst\u00e4rke und Genie<br \/>Voll Lob und Strafe, Freud und Leid, davor ist keiner hier gefeit<br \/>drum: Willkommen liebes Publikum, bei \u201eGelebte Demokratie\u201c<\/p>\n<p>Da unten stehen die Kandidaten, k\u00f6nnen es wohl kaum erwarten,<br \/>Ihre Pl\u00e4tze sich zu sichern, manche zittern, manche kichern<br \/>vor Angst um W\u00e4hlergunst und Wissen, gleich geht es los, wir k\u00f6nnen starten<br \/>Der Bundestag ist pr\u00e4pariert, hergerichtet und verziert<br \/>F\u00fcr maximalen Spa\u00df, ohne Grenze, ohne Ma\u00df<br \/>An Wahrheit, Tratsch und L\u00fcgen, an Politik und Wahlvergn\u00fcgen,<\/p>\n<p>Da ist schon Sigmar Gabriel, begeht trittsicher den Parcours, geht kein einziges Mal fehl, <br \/>Spricht von Zukunft und bleibt stehen, von Hindernissen nichts zu sehen<br \/>Das Publikum scheint ihn zu m\u00f6gen, w\u00e4hlt ihn geschmacksneutral und heiter<br \/>in die n\u00e4chste Runde weiter<\/p>\n<p>Da kommt Herr R\u00f6sler um die Ecke, schon unsere letzte Sendung<br \/>War f\u00fcr ihn die gro\u00dfe Wendung, brachte ihn beinah zur Strecke<br \/>Angstmacherei und Krisenthesen sind f\u00fcr ihn nicht gut gewesen<br \/>Nur um ein Haar flog er nicht raus, doch wie sieht es heute aus?<br \/>Nun beginnt er seine Rede, und ich sag mal, alter Schwede<br \/>Griechenfeindlich, lobbyistisch, f\u00fcr die Zukunft pessimistisch<br \/>Da hat wer nichts dazugelernt, Schon trifft ihn Gyros eimerweise<br \/>Vom Rednerpult wird er entfernt<br \/>Nun ist er rausgew\u00e4hlt und leise<br \/>Sind Stimmen zu vernehmen, der Herr R\u00f6sler sollt\u2018 sich sch\u00e4men<br \/>Jetzt muss er r\u00fcber in den Ring und wird von einem gut trainierten<br \/>engagierten, talentierten Griechen in die Krisen<br \/>des Wrestling-Sportes eingewiesen<\/p>\n<p>Doch dr\u00fcben spielt das Hauptgeschehen,<br \/>Hier ist der n\u00e4chste schon zu sehen, herein kommt Thilo Sarrazin<br \/>Zack, da liegt er auf den Knien, da war wohl grad ein Stolperstein<br \/>Er versucht sich zu befreien aus dieser schlechten Position<br \/>Doch ganz klar, man sieht es schon, die Fallt\u00fcr \u00f6ffnet ihre Pforten<br \/>Applaus erschallt hier allerorten, Wohl auch schon rausgew\u00e4hlt der Bube<br \/>er schlittert in die Jauchengrube, w\u00e4lzt sich in den Exkrementen<br \/>Drum herum stehen Kunststudenten, mit Migration im Hintergrund<br \/>die ihn am\u00fcsiert begaffen und nun sch\u00f6n farbenfroh und bunt<br \/>kleine Gem\u00e4lde von ihm schaffen<\/p>\n<p>Die Stimmung tobt im hohen Hause, gleich wird es Zeit zur Werbepause<br \/>Jeder hier lacht, alle sind froh, <br \/>Damit zur\u00fcck ins Studio.<\/span><\/div>\n","protected":false},"excerpt":{"rendered":"<p>Gelebte Demokratie Meine lieben, hochverehrten, unbeschwerten werten Zuschauer hier und Zuhaus an den Ger\u00e4ten,Ich sag hallo zur hei\u00df verehrten, schwer begehrtenVon jung und alt und den Gelehrten geradezu herbeigeflehten neuen Staffel voll Spannung, Nervenst\u00e4rke und GenieVoll Lob und Strafe, Freud und Leid, davor ist keiner hier gefeitdrum: Willkommen liebes Publikum, bei \u201eGelebte Demokratie\u201c Da unten &hellip; <\/p>\n<p class=\"link-more\"><a href=\"https:\/\/www.arno-wilhelm.de\/?p=128\" class=\"more-link\"><span class=\"screen-reader-text\">\u201eGedichte (117)\u201c<\/span> weiterlesen<\/a><\/p>\n","protected":false},"author":1,"featured_media":0,"comment_status":"open","ping_status":"open","sticky":false,"template":"","format":"standard","meta":{"footnotes":""},"categories":[19,108,151,176,198,203,238,255,288,290],"tags":[],"class_list":["post-128","post","type-post","status-publish","format-standard","hentry","category-arno-wilhelm","category-gelebte-demokratie","category-larry-devito","category-migrationshintergrund","category-philipp-rosler","category-politik","category-sigmar-gabriel","category-thilo-sarrazin","category-wrestling","category-www-larrydevito-de"],"_links":{"self":[{"href":"https:\/\/www.arno-wilhelm.de\/index.php?rest_route=\/wp\/v2\/posts\/128","targetHints":{"allow":["GET"]}}],"collection":[{"href":"https:\/\/www.arno-wilhelm.de\/index.php?rest_route=\/wp\/v2\/posts"}],"about":[{"href":"https:\/\/www.arno-wilhelm.de\/index.php?rest_route=\/wp\/v2\/types\/post"}],"author":[{"embeddable":true,"href":"https:\/\/www.arno-wilhelm.de\/index.php?rest_route=\/wp\/v2\/users\/1"}],"replies":[{"embeddable":true,"href":"https:\/\/www.arno-wilhelm.de\/index.php?rest_route=%2Fwp%2Fv2%2Fcomments&post=128"}],"version-history":[{"count":0,"href":"https:\/\/www.arno-wilhelm.de\/index.php?rest_route=\/wp\/v2\/posts\/128\/revisions"}],"wp:attachment":[{"href":"https:\/\/www.arno-wilhelm.de\/index.php?rest_route=%2Fwp%2Fv2%2Fmedia&parent=128"}],"wp:term":[{"taxonomy":"category","embeddable":true,"href":"https:\/\/www.arno-wilhelm.de\/index.php?rest_route=%2Fwp%2Fv2%2Fcategories&post=128"},{"taxonomy":"post_tag","embeddable":true,"href":"https:\/\/www.arno-wilhelm.de\/index.php?rest_route=%2Fwp%2Fv2%2Ftags&post=128"}],"curies":[{"name":"wp","href":"https:\/\/api.w.org\/{rel}","templated":true}]}}