{"id":1278,"date":"2024-06-19T06:50:58","date_gmt":"2024-06-19T06:50:58","guid":{"rendered":"https:\/\/www.arno-wilhelm.de\/?p=1278"},"modified":"2024-06-20T15:23:58","modified_gmt":"2024-06-20T15:23:58","slug":"dichtungsring-76","status":"publish","type":"post","link":"https:\/\/www.arno-wilhelm.de\/?p=1278","title":{"rendered":"Dichtungsring #76: Mein Leben als Diktator"},"content":{"rendered":"<p>Hallo zusammen,<\/p>\n<p>der Dichtungsring verweigert sich standhaft der Sommerpause. Es gibt im Juli deshalb neue und noch neuere Texte, Lieder \u00fcber Tiere und gute Antworten auf alle Fragen des Lebens, der Liebe und der Welt. In nicht-repr\u00e4sentativen Umfragen sagen die Menschen, die den Dichtungsring bisher gesehen haben sehr positive Sachen. Also seid gern dabei. <\/p>\n<p>Es lesen:<br \/>\n\u2013 Matthias Niklas<br \/>\n\u2013 Paul Weigl<br \/>\n\u2013 Arno Wilhelm<br \/>\n\u2013 Theresa Rath<\/p>\n<p>und Musik gibt es von Grizzly Bird.<\/p>\n<p>Das wird toll. Wenn ihr gern live im Studio dabei sein wollt an dem Abend, kommt gegen halb acht ins Studio in der Rudolfstra\u00dfe 1-8, Eingang Ecke Ehrenbergstra\u00dfe &#8211; unweit vom S-Bahnhof Warschauer Stra\u00dfe. Eintritt kostet nichts &#8211; nur Getr\u00e4nke m\u00fcsst ihr euch selber mitnehmen.<\/p>\n<p>Am 16.07. (ausnahmsweise an einem Dienstag) geht es p\u00fcnktlich um 20.00 Uhr los live oder unter <a href=\"https:\/\/www.alex-berlin.de\/live\" rel=\"noopener\" target=\"_blank\">https:\/\/www.alex-berlin.de\/live<\/a> \u2013 guckt gerne zu und stellt uns wie immer Fragen die euch bewegen live \u00fcber Slido.<\/p>\n<p>Foto von <a href=\"https:\/\/unsplash.com\/de\/@itfeelslikefilm?utm_content=creditCopyText&#038;utm_medium=referral&#038;utm_source=unsplash\">&#x1f1f8;&#x1f1ee; Janko Ferli\u010d<\/a> auf <a href=\"https:\/\/unsplash.com\/de\/fotos\/tierfotografie-von-braunbarenjungen-SDivo1PTBDs?utm_content=creditCopyText&#038;utm_medium=referral&#038;utm_source=unsplash\">Unsplash<\/a><\/p>\n","protected":false},"excerpt":{"rendered":"<p>Hallo zusammen, der Dichtungsring verweigert sich standhaft der Sommerpause. Es gibt im Juli deshalb neue und noch neuere Texte, Lieder \u00fcber Tiere und gute Antworten auf alle Fragen des Lebens, der Liebe und der Welt. In nicht-repr\u00e4sentativen Umfragen sagen die Menschen, die den Dichtungsring bisher gesehen haben sehr positive Sachen. Also seid gern dabei. Es &hellip; <\/p>\n<p class=\"link-more\"><a href=\"https:\/\/www.arno-wilhelm.de\/?p=1278\" class=\"more-link\"><span class=\"screen-reader-text\">\u201eDichtungsring #76: Mein Leben als Diktator\u201c<\/span> weiterlesen<\/a><\/p>\n","protected":false},"author":1,"featured_media":1279,"comment_status":"open","ping_status":"open","sticky":false,"template":"","format":"standard","meta":{"footnotes":""},"categories":[1],"tags":[],"class_list":["post-1278","post","type-post","status-publish","format-standard","has-post-thumbnail","hentry","category-uncategorized"],"_links":{"self":[{"href":"https:\/\/www.arno-wilhelm.de\/index.php?rest_route=\/wp\/v2\/posts\/1278","targetHints":{"allow":["GET"]}}],"collection":[{"href":"https:\/\/www.arno-wilhelm.de\/index.php?rest_route=\/wp\/v2\/posts"}],"about":[{"href":"https:\/\/www.arno-wilhelm.de\/index.php?rest_route=\/wp\/v2\/types\/post"}],"author":[{"embeddable":true,"href":"https:\/\/www.arno-wilhelm.de\/index.php?rest_route=\/wp\/v2\/users\/1"}],"replies":[{"embeddable":true,"href":"https:\/\/www.arno-wilhelm.de\/index.php?rest_route=%2Fwp%2Fv2%2Fcomments&post=1278"}],"version-history":[{"count":4,"href":"https:\/\/www.arno-wilhelm.de\/index.php?rest_route=\/wp\/v2\/posts\/1278\/revisions"}],"predecessor-version":[{"id":1283,"href":"https:\/\/www.arno-wilhelm.de\/index.php?rest_route=\/wp\/v2\/posts\/1278\/revisions\/1283"}],"wp:featuredmedia":[{"embeddable":true,"href":"https:\/\/www.arno-wilhelm.de\/index.php?rest_route=\/wp\/v2\/media\/1279"}],"wp:attachment":[{"href":"https:\/\/www.arno-wilhelm.de\/index.php?rest_route=%2Fwp%2Fv2%2Fmedia&parent=1278"}],"wp:term":[{"taxonomy":"category","embeddable":true,"href":"https:\/\/www.arno-wilhelm.de\/index.php?rest_route=%2Fwp%2Fv2%2Fcategories&post=1278"},{"taxonomy":"post_tag","embeddable":true,"href":"https:\/\/www.arno-wilhelm.de\/index.php?rest_route=%2Fwp%2Fv2%2Ftags&post=1278"}],"curies":[{"name":"wp","href":"https:\/\/api.w.org\/{rel}","templated":true}]}}