{"id":108,"date":"2013-01-30T20:53:00","date_gmt":"2013-01-30T19:53:00","guid":{"rendered":"http:\/\/arnowilhelm.wordpress.com\/2013\/01\/30\/gedichte-128"},"modified":"2013-01-30T20:53:00","modified_gmt":"2013-01-30T19:53:00","slug":"gedichte-128","status":"publish","type":"post","link":"https:\/\/www.arno-wilhelm.de\/?p=108","title":{"rendered":"Gedichte (128)"},"content":{"rendered":"<p>Das \u201ew\u00fcrde\u201c des Menschen ist unantastbar \u2013 ein Gedicht f\u00fcr den Konjunktiv<\/p>\n<p>Mit zunehmendem Alter<br \/>Werden all die Tr\u00e4ume<br \/>Gek\u00fcrzt und pr\u00e4zisiert<br \/>Manche werden Sch\u00e4ume<br \/>Manche geradezu kastriert<\/p>\n<p>Mit zunehmendem Alter<br \/>Geht die M\u00f6glichkeit verloren<br \/>Es kommen Plan und Ziel und Tat<br \/>So wenig bleibt unausgegoren<\/p>\n<p>Drum bitte ich mich selber dann<br \/>Den Konjunktiv nicht zu verlieren<br \/>Ein bisschen \u201ew\u00fcrde\u201c, etwas \u201ew\u00e4re\u201c<br \/>Ein wenig \u201eh\u00e4tte\u201c mal probieren<\/p>\n<p>Da entstehen dann blitzschnell<br \/>All diese gro\u00dfen M\u00f6glichkeiten<br \/>Die neuen Pl\u00e4nen,\u00a0 Zielen, Taten<br \/>Hochachtungsvoll den Weg bereiten<\/p>\n<p>Die werden dann neu pr\u00e4zisiert<br \/>Gek\u00fcrzt, geradezu kastriert<br \/>Und durch Sorgen noch beschwert<br \/>Aber der Versuch war\u2019s wert<\/p>\n","protected":false},"excerpt":{"rendered":"<p>Das \u201ew\u00fcrde\u201c des Menschen ist unantastbar \u2013 ein Gedicht f\u00fcr den Konjunktiv Mit zunehmendem AlterWerden all die Tr\u00e4umeGek\u00fcrzt und pr\u00e4zisiertManche werden Sch\u00e4umeManche geradezu kastriert Mit zunehmendem AlterGeht die M\u00f6glichkeit verlorenEs kommen Plan und Ziel und TatSo wenig bleibt unausgegoren Drum bitte ich mich selber dannDen Konjunktiv nicht zu verlierenEin bisschen \u201ew\u00fcrde\u201c, etwas \u201ew\u00e4re\u201cEin wenig \u201eh\u00e4tte\u201c &hellip; <\/p>\n<p class=\"link-more\"><a href=\"https:\/\/www.arno-wilhelm.de\/?p=108\" class=\"more-link\"><span class=\"screen-reader-text\">\u201eGedichte (128)\u201c<\/span> weiterlesen<\/a><\/p>\n","protected":false},"author":1,"featured_media":0,"comment_status":"open","ping_status":"open","sticky":false,"template":"","format":"standard","meta":{"footnotes":""},"categories":[19,58,104,143,151,290],"tags":[],"class_list":["post-108","post","type-post","status-publish","format-standard","hentry","category-arno-wilhelm","category-das-wurde-des-menschen-ist-unantastbar","category-gedicht","category-konjunktiv","category-larry-devito","category-www-larrydevito-de"],"_links":{"self":[{"href":"https:\/\/www.arno-wilhelm.de\/index.php?rest_route=\/wp\/v2\/posts\/108","targetHints":{"allow":["GET"]}}],"collection":[{"href":"https:\/\/www.arno-wilhelm.de\/index.php?rest_route=\/wp\/v2\/posts"}],"about":[{"href":"https:\/\/www.arno-wilhelm.de\/index.php?rest_route=\/wp\/v2\/types\/post"}],"author":[{"embeddable":true,"href":"https:\/\/www.arno-wilhelm.de\/index.php?rest_route=\/wp\/v2\/users\/1"}],"replies":[{"embeddable":true,"href":"https:\/\/www.arno-wilhelm.de\/index.php?rest_route=%2Fwp%2Fv2%2Fcomments&post=108"}],"version-history":[{"count":0,"href":"https:\/\/www.arno-wilhelm.de\/index.php?rest_route=\/wp\/v2\/posts\/108\/revisions"}],"wp:attachment":[{"href":"https:\/\/www.arno-wilhelm.de\/index.php?rest_route=%2Fwp%2Fv2%2Fmedia&parent=108"}],"wp:term":[{"taxonomy":"category","embeddable":true,"href":"https:\/\/www.arno-wilhelm.de\/index.php?rest_route=%2Fwp%2Fv2%2Fcategories&post=108"},{"taxonomy":"post_tag","embeddable":true,"href":"https:\/\/www.arno-wilhelm.de\/index.php?rest_route=%2Fwp%2Fv2%2Ftags&post=108"}],"curies":[{"name":"wp","href":"https:\/\/api.w.org\/{rel}","templated":true}]}}