{"id":107,"date":"2013-01-30T20:54:00","date_gmt":"2013-01-30T19:54:00","guid":{"rendered":"http:\/\/arnowilhelm.wordpress.com\/2013\/01\/30\/gedichte-129"},"modified":"2013-01-30T20:54:00","modified_gmt":"2013-01-30T19:54:00","slug":"gedichte-129","status":"publish","type":"post","link":"https:\/\/www.arno-wilhelm.de\/?p=107","title":{"rendered":"Gedichte (129)"},"content":{"rendered":"<p><!--[if gte mso 9]&gt;   Normal  0      21      false  false  false    DE  X-NONE  X-NONE                                                                          &lt;![endif]--><br \/><!--[if gte mso 9]&gt;                                                                                                                                                                                                                                                                                    &lt;![endif]--><!--[if gte mso 10]&gt; \/* Style Definitions *\/  table.MsoNormalTable  {mso-style-name:\"Normale Tabelle\";  mso-tstyle-rowband-size:0;  mso-tstyle-colband-size:0;  mso-style-noshow:yes;  mso-style-priority:99;  mso-style-qformat:yes;  mso-style-parent:\"\";  mso-padding-alt:0cm 5.4pt 0cm 5.4pt;  mso-para-margin-top:0cm;  mso-para-margin-right:0cm;  mso-para-margin-bottom:10.0pt;  mso-para-margin-left:0cm;  line-height:115%;  mso-pagination:widow-orphan;  font-size:11.0pt;  font-family:\"Calibri\",\"sans-serif\";  mso-ascii-font-family:Calibri;  mso-ascii-theme-font:minor-latin;  mso-fareast-font-family:\"Times New Roman\";  mso-fareast-theme-font:minor-fareast;  mso-hansi-font-family:Calibri;  mso-hansi-theme-font:minor-latin;} &lt;![endif]--><span>Politikverdrossen<\/p>\n<p>Ich w\u00fcrde so gern \u00fcber Wahlen schreiben<br \/>\u00dcber Wahlkampf, Macht und Demokratie<br \/>\u00dcber all das gesch\u00e4ftige Treiben<br \/>Politik und erzeugte Hysterie<\/p>\n<p>Aber ich kann nicht<br \/>Und will es auch nicht<br \/>Jedes Mal zieht\u2019s mir die Augen zu<br \/>Der Kopf rutscht aufs Kissen<br \/>Ich schlafe im Nu<\/p>\n<p>Ich w\u00fcrde so gern \u00fcber die Kanzlerin schreiben<br \/>taktiles Verhalten und die Opposition<br \/>Das Er\u00f6ffnen von Wahrheit in winzigen Scheiben<br \/>Zu viele Worth\u00fclsen und zu wenig Vision<\/p>\n<p>Aber ich kann nicht <br \/>Es langweilt mich so<br \/>Nicht mal f\u00fcr Wut reicht<br \/>Das Glimmen in mir<br \/>Und wieder zieht es gleich<br \/>die Augen mir zu<\/p>\n<p>Bin von all dem Unsinn frustriert<br \/>Vollkommen politikverdrossen<br \/>Ungew\u00f6hnlich unentschlossen<br \/>Und eine Prise desinteressiert<\/p>\n<p>Doch bevor sich der Frust alle Glut einverleibt<br \/>\u00dcberliste ich ihn, ganz gerissen und schlau<br \/>Weil ich wei\u00df, dass nur eine Chance noch bleibt<br \/>Und was ich jetzt mache, ich wei\u00df es genau<\/p>\n<p>Auf zum Laptop, ich werd&#8216; mich verdammen<br \/>Ich tu mir jetzt bewusst richtig weh<br \/>Um meine Wut neu zu entflammen<span>\u00a0 <\/span><br \/>Mit den Reden vom Parteitag der FDP<\/span><\/p>\n","protected":false},"excerpt":{"rendered":"<p>Politikverdrossen Ich w\u00fcrde so gern \u00fcber Wahlen schreiben\u00dcber Wahlkampf, Macht und Demokratie\u00dcber all das gesch\u00e4ftige TreibenPolitik und erzeugte Hysterie Aber ich kann nichtUnd will es auch nichtJedes Mal zieht\u2019s mir die Augen zuDer Kopf rutscht aufs KissenIch schlafe im Nu Ich w\u00fcrde so gern \u00fcber die Kanzlerin schreibentaktiles Verhalten und die OppositionDas Er\u00f6ffnen von Wahrheit &hellip; <\/p>\n<p class=\"link-more\"><a href=\"https:\/\/www.arno-wilhelm.de\/?p=107\" class=\"more-link\"><span class=\"screen-reader-text\">\u201eGedichte (129)\u201c<\/span> weiterlesen<\/a><\/p>\n","protected":false},"author":1,"featured_media":0,"comment_status":"open","ping_status":"open","sticky":false,"template":"","format":"standard","meta":{"footnotes":""},"categories":[13,19,48,49,91,104,151,193,203,204,275,290],"tags":[],"class_list":["post-107","post","type-post","status-publish","format-standard","hentry","category-angela-merkel","category-arno-wilhelm","category-bundestag","category-bundestagswahl","category-fdp","category-gedicht","category-larry-devito","category-opposition","category-politik","category-politikverdrossen","category-wahlkampf","category-www-larrydevito-de"],"_links":{"self":[{"href":"https:\/\/www.arno-wilhelm.de\/index.php?rest_route=\/wp\/v2\/posts\/107","targetHints":{"allow":["GET"]}}],"collection":[{"href":"https:\/\/www.arno-wilhelm.de\/index.php?rest_route=\/wp\/v2\/posts"}],"about":[{"href":"https:\/\/www.arno-wilhelm.de\/index.php?rest_route=\/wp\/v2\/types\/post"}],"author":[{"embeddable":true,"href":"https:\/\/www.arno-wilhelm.de\/index.php?rest_route=\/wp\/v2\/users\/1"}],"replies":[{"embeddable":true,"href":"https:\/\/www.arno-wilhelm.de\/index.php?rest_route=%2Fwp%2Fv2%2Fcomments&post=107"}],"version-history":[{"count":0,"href":"https:\/\/www.arno-wilhelm.de\/index.php?rest_route=\/wp\/v2\/posts\/107\/revisions"}],"wp:attachment":[{"href":"https:\/\/www.arno-wilhelm.de\/index.php?rest_route=%2Fwp%2Fv2%2Fmedia&parent=107"}],"wp:term":[{"taxonomy":"category","embeddable":true,"href":"https:\/\/www.arno-wilhelm.de\/index.php?rest_route=%2Fwp%2Fv2%2Fcategories&post=107"},{"taxonomy":"post_tag","embeddable":true,"href":"https:\/\/www.arno-wilhelm.de\/index.php?rest_route=%2Fwp%2Fv2%2Ftags&post=107"}],"curies":[{"name":"wp","href":"https:\/\/api.w.org\/{rel}","templated":true}]}}