{"id":1053,"date":"2022-01-31T19:22:31","date_gmt":"2022-01-31T19:22:31","guid":{"rendered":"https:\/\/www.arno-wilhelm.de\/?p=1053"},"modified":"2022-01-31T19:22:31","modified_gmt":"2022-01-31T19:22:31","slug":"dichtungsring-62-der-elfte-geburtstag","status":"publish","type":"post","link":"https:\/\/www.arno-wilhelm.de\/?p=1053","title":{"rendered":"Dichtungsring #62 &#8211; der elfte Geburtstag"},"content":{"rendered":"\n<p>Die Leseb\u00fchne Dichtungsring versammelt sich nicht nur zum immerhin schon zweiundsechzigsten Mal &#8211; sie feiert auch Geburtstag. Elf Jahre schon. Oder \u00d6lf &#8211; wie die Berliner sagen w\u00fcrden.<br>Bald wird es Zeit f\u00fcr die Leseb\u00fchnenpubert\u00e4t. Bis dahin wird wieder vorgelesen, gesungen und l\u00f6ffelweise Unfug zusammenger\u00fchrt. Dieses Mal mit:<br>&#8211; Arno Wilhelm, <br>&#8211; Matthias Niklas, <br>&#8211; Theresa Rath und <br>&#8211; Ava Sergeeva. <br>Musikalisch verfeinert durch unseren Haus- und Hofmusiker Grizzly Bird <br>( <a rel=\"noreferrer noopener\" href=\"https:\/\/www.facebook.com\/grizzlybirdsong\/\" target=\"_blank\">https:\/\/www.facebook.com\/grizzlybirdsong\/<\/a> ).<br>Wie viel sch\u00f6ner kann ein Geburtstag werden?<br>Am 17.02. um 20.00 Uhr geht es los unter<br><a href=\"https:\/\/www.alex-berlin.de\/tv\/livestream.html\">https:\/\/www.alex-berlin.de\/tv\/livestream.html<\/a> \u2013 guckt gerne zu und wenn ihr Lust habt stellt uns auch gerne Fragen live \u00fcber Slido.<br><br>Der Facebook-Veranstaltungs-Link f\u00fcr die Menschen, die noch Facebook haben: <br><a href=\"https:\/\/www.facebook.com\/events\/380558830540387\">https:\/\/www.facebook.com\/events\/380558830540387<\/a><\/p>\n\n\n\n<p>Passt auf euch auf, bleibt gesund und bis bald!<\/p>\n","protected":false},"excerpt":{"rendered":"<p>Die Leseb\u00fchne Dichtungsring versammelt sich nicht nur zum immerhin schon zweiundsechzigsten Mal &#8211; sie feiert auch Geburtstag. Elf Jahre schon. Oder \u00d6lf &#8211; wie die Berliner sagen w\u00fcrden.Bald wird es Zeit f\u00fcr die Leseb\u00fchnenpubert\u00e4t. Bis dahin wird wieder vorgelesen, gesungen und l\u00f6ffelweise Unfug zusammenger\u00fchrt. Dieses Mal mit:&#8211; Arno Wilhelm, &#8211; Matthias Niklas, &#8211; Theresa Rath &hellip; <\/p>\n<p class=\"link-more\"><a href=\"https:\/\/www.arno-wilhelm.de\/?p=1053\" class=\"more-link\"><span class=\"screen-reader-text\">\u201eDichtungsring #62 &#8211; der elfte Geburtstag\u201c<\/span> weiterlesen<\/a><\/p>\n","protected":false},"author":1,"featured_media":1055,"comment_status":"open","ping_status":"open","sticky":false,"template":"","format":"standard","meta":{"footnotes":""},"categories":[1],"tags":[],"class_list":["post-1053","post","type-post","status-publish","format-standard","has-post-thumbnail","hentry","category-uncategorized"],"_links":{"self":[{"href":"https:\/\/www.arno-wilhelm.de\/index.php?rest_route=\/wp\/v2\/posts\/1053","targetHints":{"allow":["GET"]}}],"collection":[{"href":"https:\/\/www.arno-wilhelm.de\/index.php?rest_route=\/wp\/v2\/posts"}],"about":[{"href":"https:\/\/www.arno-wilhelm.de\/index.php?rest_route=\/wp\/v2\/types\/post"}],"author":[{"embeddable":true,"href":"https:\/\/www.arno-wilhelm.de\/index.php?rest_route=\/wp\/v2\/users\/1"}],"replies":[{"embeddable":true,"href":"https:\/\/www.arno-wilhelm.de\/index.php?rest_route=%2Fwp%2Fv2%2Fcomments&post=1053"}],"version-history":[{"count":1,"href":"https:\/\/www.arno-wilhelm.de\/index.php?rest_route=\/wp\/v2\/posts\/1053\/revisions"}],"predecessor-version":[{"id":1056,"href":"https:\/\/www.arno-wilhelm.de\/index.php?rest_route=\/wp\/v2\/posts\/1053\/revisions\/1056"}],"wp:featuredmedia":[{"embeddable":true,"href":"https:\/\/www.arno-wilhelm.de\/index.php?rest_route=\/wp\/v2\/media\/1055"}],"wp:attachment":[{"href":"https:\/\/www.arno-wilhelm.de\/index.php?rest_route=%2Fwp%2Fv2%2Fmedia&parent=1053"}],"wp:term":[{"taxonomy":"category","embeddable":true,"href":"https:\/\/www.arno-wilhelm.de\/index.php?rest_route=%2Fwp%2Fv2%2Fcategories&post=1053"},{"taxonomy":"post_tag","embeddable":true,"href":"https:\/\/www.arno-wilhelm.de\/index.php?rest_route=%2Fwp%2Fv2%2Ftags&post=1053"}],"curies":[{"name":"wp","href":"https:\/\/api.w.org\/{rel}","templated":true}]}}