{"id":100,"date":"2013-05-08T11:19:00","date_gmt":"2013-05-08T09:19:00","guid":{"rendered":"http:\/\/arnowilhelm.wordpress.com\/2013\/05\/08\/gedichte-136"},"modified":"2013-05-08T11:19:00","modified_gmt":"2013-05-08T09:19:00","slug":"gedichte-136","status":"publish","type":"post","link":"https:\/\/www.arno-wilhelm.de\/?p=100","title":{"rendered":"Gedichte (136)"},"content":{"rendered":"<p>Relativ schwer<\/p>\n<p>Die Lungen werden enger<br \/>Die Luft zum Atmen fehlt<br \/>Atemzug um Atemzug<br \/>Der meinen Brustkorb qu\u00e4lt<\/p>\n<p>Werden die Schmerzen gr\u00f6\u00dfer<br \/>Die Panik baut sich auf<br \/>Die Bewegungen nerv\u00f6ser<br \/>Angst vor dem weiteren Verlauf<\/p>\n<p>Der Versuch f\u00e4llt schwer<br \/>Alles zu relativieren<br \/>Der eigene K\u00f6rper ist viel n\u00e4her<br \/>Als fremdes Leid bei Mensch und Tieren<\/p>\n<p>Hungersn\u00f6te, Weltschmerz, Krieg<br \/>Und die Sorgen anderer Leute<br \/>Gier, die statt Sozialem siegt<br \/>Allzu oft im Hier und Heute<\/p>\n<p>An all das will ich denken<br \/>Doch er f\u00e4llt wahnsinnig schwer<br \/>Der Versuch mich abzulenken<br \/>Die Lungen qu\u00e4len allzu sehr<\/p>\n<p>Und so muss ich mit ernstem Herzen<br \/>In aller Ehrlichkeit gestehen<br \/>Was k\u00fcmmert mich das Weltgeschehen?<br \/>Ich will nur atmen ohne Schmerzen <br \/>Und langfristige Hoffnung sehen <\/p>\n","protected":false},"excerpt":{"rendered":"<p>Relativ schwer Die Lungen werden engerDie Luft zum Atmen fehltAtemzug um AtemzugDer meinen Brustkorb qu\u00e4lt Werden die Schmerzen gr\u00f6\u00dferDie Panik baut sich aufDie Bewegungen nerv\u00f6serAngst vor dem weiteren Verlauf Der Versuch f\u00e4llt schwerAlles zu relativierenDer eigene K\u00f6rper ist viel n\u00e4herAls fremdes Leid bei Mensch und Tieren Hungersn\u00f6te, Weltschmerz, KriegUnd die Sorgen anderer LeuteGier, die statt &hellip; <\/p>\n<p class=\"link-more\"><a href=\"https:\/\/www.arno-wilhelm.de\/?p=100\" class=\"more-link\"><span class=\"screen-reader-text\">\u201eGedichte (136)\u201c<\/span> weiterlesen<\/a><\/p>\n","protected":false},"author":1,"featured_media":0,"comment_status":"open","ping_status":"open","sticky":false,"template":"","format":"standard","meta":{"footnotes":""},"categories":[19,24,25,104,151,216,290],"tags":[],"class_list":["post-100","post","type-post","status-publish","format-standard","hentry","category-arno-wilhelm","category-asthma","category-atmen","category-gedicht","category-larry-devito","category-relativ-schwer","category-www-larrydevito-de"],"_links":{"self":[{"href":"https:\/\/www.arno-wilhelm.de\/index.php?rest_route=\/wp\/v2\/posts\/100","targetHints":{"allow":["GET"]}}],"collection":[{"href":"https:\/\/www.arno-wilhelm.de\/index.php?rest_route=\/wp\/v2\/posts"}],"about":[{"href":"https:\/\/www.arno-wilhelm.de\/index.php?rest_route=\/wp\/v2\/types\/post"}],"author":[{"embeddable":true,"href":"https:\/\/www.arno-wilhelm.de\/index.php?rest_route=\/wp\/v2\/users\/1"}],"replies":[{"embeddable":true,"href":"https:\/\/www.arno-wilhelm.de\/index.php?rest_route=%2Fwp%2Fv2%2Fcomments&post=100"}],"version-history":[{"count":0,"href":"https:\/\/www.arno-wilhelm.de\/index.php?rest_route=\/wp\/v2\/posts\/100\/revisions"}],"wp:attachment":[{"href":"https:\/\/www.arno-wilhelm.de\/index.php?rest_route=%2Fwp%2Fv2%2Fmedia&parent=100"}],"wp:term":[{"taxonomy":"category","embeddable":true,"href":"https:\/\/www.arno-wilhelm.de\/index.php?rest_route=%2Fwp%2Fv2%2Fcategories&post=100"},{"taxonomy":"post_tag","embeddable":true,"href":"https:\/\/www.arno-wilhelm.de\/index.php?rest_route=%2Fwp%2Fv2%2Ftags&post=100"}],"curies":[{"name":"wp","href":"https:\/\/api.w.org\/{rel}","templated":true}]}}